{"id":11482,"date":"2026-04-28T17:15:18","date_gmt":"2026-04-28T17:15:18","guid":{"rendered":"https:\/\/eirikurjonsson.is\/?p=11482"},"modified":"2026-04-28T18:08:10","modified_gmt":"2026-04-28T18:08:10","slug":"afi-bjargar-david-scheving","status":"publish","type":"post","link":"https:\/\/eirikurjonsson.is\/index.php\/2026\/04\/28\/afi-bjargar-david-scheving\/","title":{"rendered":"AFI BJARGAR &#8211; DAV\u00cd\u00d0 SCHEVING"},"content":{"rendered":"<p>Bj\u00f6rg Magn\u00fasd\u00f3ttir oddviti Vi\u00f0reisnar \u00ed v\u00e6ntanlegum borgarstj\u00f3rnarkosningum er barnabarn athafnamannsins og i\u00f0nrekandans Dav\u00ed\u00f0s Schevings Thorsteinssonar (1930-2022). \u00cdslendingar geta \u00feakka\u00f0 Dav\u00ed\u00f0 Scheving fyrir bj\u00f3rinn \u00feegar hann gekk \u00ed gegnum tollinn \u00e1 Keflav\u00edkurflugveli me\u00f0 bj\u00f3rkassa eins \u00e1 flug\u00e1h\u00f6fnum var heimilt. Hann vildi nj\u00f3ta sama r\u00e9ttar &#8211; og haf\u00f0i sitt fram. Um Dac\u00ed\u00f0 Scheving var sagt:<\/p>\n<p><em>&#8222;\u00c1 t\u00edmum vi\u00f0skiptahafta og sk\u00f6mmtunar lag\u00f0i Dav\u00ed\u00f0 til atl\u00f6gu vi\u00f0 hi\u00f0 opinbera \u00ed \u00fev\u00ed skyni a\u00f0 geta bo\u00f0i\u00f0 \u00cdslendingum upp \u00e1 meira \u00farval og fj\u00f6lbreytni. \u00deannig hefur athafnasemi hans og \u00fatsj\u00f3narsemi \u00ed vi\u00f0skiptum veri\u00f0 me\u00f0borgurum hans til hagsb\u00f3ta.\u201c<\/em><\/p>\n","protected":false},"excerpt":{"rendered":"<p>Bj\u00f6rg Magn\u00fasd\u00f3ttir oddviti Vi\u00f0reisnar \u00ed v\u00e6ntanlegum borgarstj\u00f3rnarkosningum er barnabarn athafnamannsins og i\u00f0nrekandans Dav\u00ed\u00f0s Schevings Thorsteinssonar (1930-2022). \u00cdslendingar geta \u00feakka\u00f0 Dav\u00ed\u00f0 Scheving fyrir bj\u00f3rinn \u00feegar hann gekk \u00ed gegnum tollinn \u00e1 Keflav\u00edkurflugveli me\u00f0 bj\u00f3rkassa eins \u00e1 flug\u00e1h\u00f6fnum var heimilt. Hann vildi nj\u00f3ta sama r\u00e9ttar &#8211; og haf\u00f0i sitt fram. Um Dac\u00ed\u00f0 Scheving var sagt: &#8222;\u00c1 t\u00edmum [&hellip;]<\/p>\n","protected":false},"author":2,"featured_media":11498,"comment_status":"open","ping_status":"open","sticky":false,"template":"","format":"standard","meta":{"_monsterinsights_skip_tracking":false,"_monsterinsights_sitenote_active":false,"_monsterinsights_sitenote_note":"","_monsterinsights_sitenote_category":0,"footnotes":""},"categories":[31],"tags":[],"class_list":{"0":"post-11482","1":"post","2":"type-post","3":"status-publish","4":"format-standard","5":"has-post-thumbnail","7":"category-greinar"},"yoast_head":"<!-- This site is optimized with the Yoast SEO plugin v22.0 - https:\/\/yoast.com\/wordpress\/plugins\/seo\/ -->\n<title>AFI BJARGAR - DAV\u00cd\u00d0 SCHEVING &#8211; Eir\u00edkur J\u00f3nsson<\/title>\n<meta name=\"robots\" content=\"index, follow, max-snippet:-1, max-image-preview:large, max-video-preview:-1\" \/>\n<link rel=\"canonical\" href=\"https:\/\/eirikurjonsson.is\/index.php\/2026\/04\/28\/afi-bjargar-david-scheving\/\" \/>\n<meta property=\"og:locale\" content=\"is_IS\" \/>\n<meta property=\"og:type\" content=\"article\" \/>\n<meta property=\"og:title\" content=\"AFI BJARGAR - DAV\u00cd\u00d0 SCHEVING &#8211; Eir\u00edkur J\u00f3nsson\" \/>\n<meta property=\"og:description\" content=\"Bj\u00f6rg Magn\u00fasd\u00f3ttir oddviti Vi\u00f0reisnar \u00ed v\u00e6ntanlegum borgarstj\u00f3rnarkosningum er barnabarn athafnamannsins og i\u00f0nrekandans Dav\u00ed\u00f0s Schevings Thorsteinssonar (1930-2022). \u00cdslendingar geta \u00feakka\u00f0 Dav\u00ed\u00f0 Scheving fyrir bj\u00f3rinn \u00feegar hann gekk \u00ed gegnum tollinn \u00e1 Keflav\u00edkurflugveli me\u00f0 bj\u00f3rkassa eins \u00e1 flug\u00e1h\u00f6fnum var heimilt. Hann vildi nj\u00f3ta sama r\u00e9ttar &#8211; og haf\u00f0i sitt fram. Um Dac\u00ed\u00f0 Scheving var sagt: &#8222;\u00c1 t\u00edmum [&hellip;]\" \/>\n<meta property=\"og:url\" content=\"https:\/\/eirikurjonsson.is\/index.php\/2026\/04\/28\/afi-bjargar-david-scheving\/\" \/>\n<meta property=\"og:site_name\" content=\"Eir\u00edkur J\u00f3nsson\" \/>\n<meta property=\"article:published_time\" content=\"2026-04-28T17:15:18+00:00\" \/>\n<meta property=\"article:modified_time\" content=\"2026-04-28T18:08:10+00:00\" \/>\n<meta property=\"og:image\" content=\"https:\/\/eirikurjonsson.is\/wp-content\/uploads\/2026\/04\/BJORG7.jpg\" \/>\n\t<meta property=\"og:image:width\" content=\"595\" \/>\n\t<meta property=\"og:image:height\" content=\"365\" \/>\n\t<meta property=\"og:image:type\" content=\"image\/jpeg\" \/>\n<meta name=\"author\" content=\"eir\" \/>\n<meta name=\"twitter:card\" content=\"summary_large_image\" \/>\n<meta name=\"twitter:label1\" content=\"Written by\" \/>\n\t<meta name=\"twitter:data1\" content=\"eir\" \/>\n\t<meta name=\"twitter:label2\" content=\"Est. reading time\" \/>\n\t<meta name=\"twitter:data2\" content=\"1 minute\" \/>\n<script type=\"application\/ld+json\" class=\"yoast-schema-graph\">{\"@context\":\"https:\/\/schema.org\",\"@graph\":[{\"@type\":\"WebPage\",\"@id\":\"https:\/\/eirikurjonsson.is\/index.php\/2026\/04\/28\/afi-bjargar-david-scheving\/\",\"url\":\"https:\/\/eirikurjonsson.is\/index.php\/2026\/04\/28\/afi-bjargar-david-scheving\/\",\"name\":\"AFI BJARGAR - DAV\u00cd\u00d0 SCHEVING &#8211; Eir\u00edkur J\u00f3nsson\",\"isPartOf\":{\"@id\":\"https:\/\/eirikurjonsson.is\/#website\"},\"datePublished\":\"2026-04-28T17:15:18+00:00\",\"dateModified\":\"2026-04-28T18:08:10+00:00\",\"author\":{\"@id\":\"https:\/\/eirikurjonsson.is\/#\/schema\/person\/308afa1d0e201918034e31b1da4f07a5\"},\"breadcrumb\":{\"@id\":\"https:\/\/eirikurjonsson.is\/index.php\/2026\/04\/28\/afi-bjargar-david-scheving\/#breadcrumb\"},\"inLanguage\":\"is\",\"potentialAction\":[{\"@type\":\"ReadAction\",\"target\":[\"https:\/\/eirikurjonsson.is\/index.php\/2026\/04\/28\/afi-bjargar-david-scheving\/\"]}]},{\"@type\":\"BreadcrumbList\",\"@id\":\"https:\/\/eirikurjonsson.is\/index.php\/2026\/04\/28\/afi-bjargar-david-scheving\/#breadcrumb\",\"itemListElement\":[{\"@type\":\"ListItem\",\"position\":1,\"name\":\"Home\",\"item\":\"https:\/\/eirikurjonsson.is\/\"},{\"@type\":\"ListItem\",\"position\":2,\"name\":\"AFI BJARGAR &#8211; DAV\u00cd\u00d0 SCHEVING\"}]},{\"@type\":\"WebSite\",\"@id\":\"https:\/\/eirikurjonsson.is\/#website\",\"url\":\"https:\/\/eirikurjonsson.is\/\",\"name\":\"Eir\u00edkur J\u00f3nsson\",\"description\":\"Eir\u00edkur J\u00f3nsson | EIR eirikurjonsson.is\",\"potentialAction\":[{\"@type\":\"SearchAction\",\"target\":{\"@type\":\"EntryPoint\",\"urlTemplate\":\"https:\/\/eirikurjonsson.is\/?s={search_term_string}\"},\"query-input\":\"required name=search_term_string\"}],\"inLanguage\":\"is\"},{\"@type\":\"Person\",\"@id\":\"https:\/\/eirikurjonsson.is\/#\/schema\/person\/308afa1d0e201918034e31b1da4f07a5\",\"name\":\"eir\",\"image\":{\"@type\":\"ImageObject\",\"inLanguage\":\"is\",\"@id\":\"https:\/\/eirikurjonsson.is\/#\/schema\/person\/image\/\",\"url\":\"https:\/\/secure.gravatar.com\/avatar\/b6748316a4400053a1fa9f4694b38d294dc5da6f4bacc727742bd8f3e689f87c?s=96&d=mm&r=g\",\"contentUrl\":\"https:\/\/secure.gravatar.com\/avatar\/b6748316a4400053a1fa9f4694b38d294dc5da6f4bacc727742bd8f3e689f87c?s=96&d=mm&r=g\",\"caption\":\"eir\"},\"url\":\"https:\/\/eirikurjonsson.is\/index.php\/author\/eir\/\"}]}<\/script>\n<!-- \/ Yoast SEO plugin. -->","yoast_head_json":{"title":"AFI BJARGAR - DAV\u00cd\u00d0 SCHEVING &#8211; Eir\u00edkur J\u00f3nsson","robots":{"index":"index","follow":"follow","max-snippet":"max-snippet:-1","max-image-preview":"max-image-preview:large","max-video-preview":"max-video-preview:-1"},"canonical":"https:\/\/eirikurjonsson.is\/index.php\/2026\/04\/28\/afi-bjargar-david-scheving\/","og_locale":"is_IS","og_type":"article","og_title":"AFI BJARGAR - DAV\u00cd\u00d0 SCHEVING &#8211; Eir\u00edkur J\u00f3nsson","og_description":"Bj\u00f6rg Magn\u00fasd\u00f3ttir oddviti Vi\u00f0reisnar \u00ed v\u00e6ntanlegum borgarstj\u00f3rnarkosningum er barnabarn athafnamannsins og i\u00f0nrekandans Dav\u00ed\u00f0s Schevings Thorsteinssonar (1930-2022). \u00cdslendingar geta \u00feakka\u00f0 Dav\u00ed\u00f0 Scheving fyrir bj\u00f3rinn \u00feegar hann gekk \u00ed gegnum tollinn \u00e1 Keflav\u00edkurflugveli me\u00f0 bj\u00f3rkassa eins \u00e1 flug\u00e1h\u00f6fnum var heimilt. Hann vildi nj\u00f3ta sama r\u00e9ttar &#8211; og haf\u00f0i sitt fram. Um Dac\u00ed\u00f0 Scheving var sagt: &#8222;\u00c1 t\u00edmum [&hellip;]","og_url":"https:\/\/eirikurjonsson.is\/index.php\/2026\/04\/28\/afi-bjargar-david-scheving\/","og_site_name":"Eir\u00edkur J\u00f3nsson","article_published_time":"2026-04-28T17:15:18+00:00","article_modified_time":"2026-04-28T18:08:10+00:00","og_image":[{"width":595,"height":365,"url":"https:\/\/eirikurjonsson.is\/wp-content\/uploads\/2026\/04\/BJORG7.jpg","type":"image\/jpeg"}],"author":"eir","twitter_card":"summary_large_image","twitter_misc":{"Written by":"eir","Est. reading time":"1 minute"},"schema":{"@context":"https:\/\/schema.org","@graph":[{"@type":"WebPage","@id":"https:\/\/eirikurjonsson.is\/index.php\/2026\/04\/28\/afi-bjargar-david-scheving\/","url":"https:\/\/eirikurjonsson.is\/index.php\/2026\/04\/28\/afi-bjargar-david-scheving\/","name":"AFI BJARGAR - DAV\u00cd\u00d0 SCHEVING &#8211; Eir\u00edkur J\u00f3nsson","isPartOf":{"@id":"https:\/\/eirikurjonsson.is\/#website"},"datePublished":"2026-04-28T17:15:18+00:00","dateModified":"2026-04-28T18:08:10+00:00","author":{"@id":"https:\/\/eirikurjonsson.is\/#\/schema\/person\/308afa1d0e201918034e31b1da4f07a5"},"breadcrumb":{"@id":"https:\/\/eirikurjonsson.is\/index.php\/2026\/04\/28\/afi-bjargar-david-scheving\/#breadcrumb"},"inLanguage":"is","potentialAction":[{"@type":"ReadAction","target":["https:\/\/eirikurjonsson.is\/index.php\/2026\/04\/28\/afi-bjargar-david-scheving\/"]}]},{"@type":"BreadcrumbList","@id":"https:\/\/eirikurjonsson.is\/index.php\/2026\/04\/28\/afi-bjargar-david-scheving\/#breadcrumb","itemListElement":[{"@type":"ListItem","position":1,"name":"Home","item":"https:\/\/eirikurjonsson.is\/"},{"@type":"ListItem","position":2,"name":"AFI BJARGAR &#8211; DAV\u00cd\u00d0 SCHEVING"}]},{"@type":"WebSite","@id":"https:\/\/eirikurjonsson.is\/#website","url":"https:\/\/eirikurjonsson.is\/","name":"Eir\u00edkur J\u00f3nsson","description":"Eir\u00edkur J\u00f3nsson | EIR eirikurjonsson.is","potentialAction":[{"@type":"SearchAction","target":{"@type":"EntryPoint","urlTemplate":"https:\/\/eirikurjonsson.is\/?s={search_term_string}"},"query-input":"required name=search_term_string"}],"inLanguage":"is"},{"@type":"Person","@id":"https:\/\/eirikurjonsson.is\/#\/schema\/person\/308afa1d0e201918034e31b1da4f07a5","name":"eir","image":{"@type":"ImageObject","inLanguage":"is","@id":"https:\/\/eirikurjonsson.is\/#\/schema\/person\/image\/","url":"https:\/\/secure.gravatar.com\/avatar\/b6748316a4400053a1fa9f4694b38d294dc5da6f4bacc727742bd8f3e689f87c?s=96&d=mm&r=g","contentUrl":"https:\/\/secure.gravatar.com\/avatar\/b6748316a4400053a1fa9f4694b38d294dc5da6f4bacc727742bd8f3e689f87c?s=96&d=mm&r=g","caption":"eir"},"url":"https:\/\/eirikurjonsson.is\/index.php\/author\/eir\/"}]}},"_links":{"self":[{"href":"https:\/\/eirikurjonsson.is\/index.php\/wp-json\/wp\/v2\/posts\/11482","targetHints":{"allow":["GET"]}}],"collection":[{"href":"https:\/\/eirikurjonsson.is\/index.php\/wp-json\/wp\/v2\/posts"}],"about":[{"href":"https:\/\/eirikurjonsson.is\/index.php\/wp-json\/wp\/v2\/types\/post"}],"author":[{"embeddable":true,"href":"https:\/\/eirikurjonsson.is\/index.php\/wp-json\/wp\/v2\/users\/2"}],"replies":[{"embeddable":true,"href":"https:\/\/eirikurjonsson.is\/index.php\/wp-json\/wp\/v2\/comments?post=11482"}],"version-history":[{"count":2,"href":"https:\/\/eirikurjonsson.is\/index.php\/wp-json\/wp\/v2\/posts\/11482\/revisions"}],"predecessor-version":[{"id":11485,"href":"https:\/\/eirikurjonsson.is\/index.php\/wp-json\/wp\/v2\/posts\/11482\/revisions\/11485"}],"wp:featuredmedia":[{"embeddable":true,"href":"https:\/\/eirikurjonsson.is\/index.php\/wp-json\/wp\/v2\/media\/11498"}],"wp:attachment":[{"href":"https:\/\/eirikurjonsson.is\/index.php\/wp-json\/wp\/v2\/media?parent=11482"}],"wp:term":[{"taxonomy":"category","embeddable":true,"href":"https:\/\/eirikurjonsson.is\/index.php\/wp-json\/wp\/v2\/categories?post=11482"},{"taxonomy":"post_tag","embeddable":true,"href":"https:\/\/eirikurjonsson.is\/index.php\/wp-json\/wp\/v2\/tags?post=11482"}],"curies":[{"name":"wp","href":"https:\/\/api.w.org\/{rel}","templated":true}]}}