{"id":11477,"date":"2026-04-28T12:42:07","date_gmt":"2026-04-28T12:42:07","guid":{"rendered":"https:\/\/eirikurjonsson.is\/?p=11477"},"modified":"2026-04-28T12:42:07","modified_gmt":"2026-04-28T12:42:07","slug":"fljotandi-gufubad-i-fjallabyggd","status":"publish","type":"post","link":"https:\/\/eirikurjonsson.is\/index.php\/2026\/04\/28\/fljotandi-gufubad-i-fjallabyggd\/","title":{"rendered":"FLJ\u00d3TANDI GUFUBA\u00d0 \u00cd FJALLABYGG\u00d0"},"content":{"rendered":"<figure id=\"attachment_11478\" aria-describedby=\"caption-attachment-11478\" style=\"width: 157px\" class=\"wp-caption alignleft\"><img loading=\"lazy\" decoding=\"async\" class=\"size-full wp-image-11478\" src=\"https:\/\/eirikurjonsson.is\/wp-content\/uploads\/2026\/04\/PALMI-OG-SVAVA.jpg\" alt=\"\" width=\"157\" height=\"149\" \/><figcaption id=\"caption-attachment-11478\" class=\"wp-caption-text\">P\u00e1lmi og Svava.<\/figcaption><\/figure>\n<p>&#8222;Verkefni\u00f0 okkar er a\u00f0 setja ni\u00f0ur flj\u00f3tandi gufuba\u00f0sklefa \u00e1 \u00d3lafsfjar\u00f0arvatn \u00ed landi Brekkulands. Vi\u00f0 teljum a\u00f0 \u00feetta ver\u00f0i fr\u00e1b\u00e6r vi\u00f0b\u00f3t vi\u00f0 fj\u00f6lbreytt \u00farval heilsu- og \u00fativistar- tengdrar af\u00fereyingar \u00ed Fjallabygg\u00f0 fyrir b\u00e6\u00f0i \u00edb\u00faa og gesti,&#8220; segja P\u00e1lmi og Svava sem b\u00faa \u00ed Brekkulandi \u00ed \u00d3lafsfir\u00f0i og safna n\u00fa fyrir verkefninu \u00e1 Karolina Fund &#8211; 14 dagar til stefnu.<\/p>\n<p>Gufuba\u00f0sklefinn ver\u00f0ur a\u00f0 h\u00e1marki fyrir 12 pers\u00f3nur, sta\u00f0settur \u00e1 flotbryggju, sm\u00ed\u00f0a\u00f0ur \u00far timbri me\u00f0 st\u00f3rum glugga svo h\u00e6gt s\u00e9 a\u00f0 nj\u00f3ta \u00fats\u00fdnis yfir vatni\u00f0 og fj\u00f6llin \u00ed kring. \u00deetta ver\u00f0ur svok\u00f6llu\u00f0 &#8222;\u00feurrgufa&#8220; \u00fear sem gufan er framk\u00f6llu\u00f0 me\u00f0 \u00fev\u00ed a\u00f0 skvetta vatni yfir steina sem hita\u00f0ir eru me\u00f0 rafmagnshitara. Flotbryggjan ver\u00f0ur um \u00fea\u00f0 bil 1-2 metra fr\u00e1 landi og landgangur sm\u00ed\u00f0a\u00f0ur \u00far timbri. \u00c1hersla er l\u00f6g\u00f0 \u00e1 a\u00f0 raska n\u00e1tt\u00farunni sem allra minnst svo a\u00f0 gestir upplifi og nj\u00f3ti \u00f3snortinnar n\u00e1tt\u00faru \u00ed bland vi\u00f0 hitann \u00ed gufunni og kuldann \u00ed vatninu. Gufuba\u00f0sklefinn ver\u00f0ur opinn og a\u00f0gengilegur \u00f6llum sem vilja.<\/p>\n","protected":false},"excerpt":{"rendered":"<p>&#8222;Verkefni\u00f0 okkar er a\u00f0 setja ni\u00f0ur flj\u00f3tandi gufuba\u00f0sklefa \u00e1 \u00d3lafsfjar\u00f0arvatn \u00ed landi Brekkulands. Vi\u00f0 teljum a\u00f0 \u00feetta ver\u00f0i fr\u00e1b\u00e6r vi\u00f0b\u00f3t vi\u00f0 fj\u00f6lbreytt \u00farval heilsu- og \u00fativistar- tengdrar af\u00fereyingar \u00ed Fjallabygg\u00f0 fyrir b\u00e6\u00f0i \u00edb\u00faa og gesti,&#8220; segja P\u00e1lmi og Svava sem b\u00faa \u00ed Brekkulandi \u00ed \u00d3lafsfir\u00f0i og safna n\u00fa fyrir verkefninu \u00e1 Karolina Fund &#8211; 14 [&hellip;]<\/p>\n","protected":false},"author":2,"featured_media":11480,"comment_status":"open","ping_status":"open","sticky":false,"template":"","format":"standard","meta":{"_monsterinsights_skip_tracking":false,"_monsterinsights_sitenote_active":false,"_monsterinsights_sitenote_note":"","_monsterinsights_sitenote_category":0,"footnotes":""},"categories":[31],"tags":[],"class_list":{"0":"post-11477","1":"post","2":"type-post","3":"status-publish","4":"format-standard","5":"has-post-thumbnail","7":"category-greinar"},"yoast_head":"<!-- This site is optimized with the Yoast SEO plugin v22.0 - https:\/\/yoast.com\/wordpress\/plugins\/seo\/ -->\n<title>FLJ\u00d3TANDI GUFUBA\u00d0 \u00cd FJALLABYGG\u00d0 &#8211; Eir\u00edkur J\u00f3nsson<\/title>\n<meta name=\"robots\" content=\"index, follow, max-snippet:-1, max-image-preview:large, max-video-preview:-1\" \/>\n<link rel=\"canonical\" href=\"https:\/\/eirikurjonsson.is\/index.php\/2026\/04\/28\/fljotandi-gufubad-i-fjallabyggd\/\" \/>\n<meta property=\"og:locale\" content=\"is_IS\" \/>\n<meta property=\"og:type\" content=\"article\" \/>\n<meta property=\"og:title\" content=\"FLJ\u00d3TANDI GUFUBA\u00d0 \u00cd FJALLABYGG\u00d0 &#8211; Eir\u00edkur J\u00f3nsson\" \/>\n<meta property=\"og:description\" content=\"&#8222;Verkefni\u00f0 okkar er a\u00f0 setja ni\u00f0ur flj\u00f3tandi gufuba\u00f0sklefa \u00e1 \u00d3lafsfjar\u00f0arvatn \u00ed landi Brekkulands. Vi\u00f0 teljum a\u00f0 \u00feetta ver\u00f0i fr\u00e1b\u00e6r vi\u00f0b\u00f3t vi\u00f0 fj\u00f6lbreytt \u00farval heilsu- og \u00fativistar- tengdrar af\u00fereyingar \u00ed Fjallabygg\u00f0 fyrir b\u00e6\u00f0i \u00edb\u00faa og gesti,&#8220; segja P\u00e1lmi og Svava sem b\u00faa \u00ed Brekkulandi \u00ed \u00d3lafsfir\u00f0i og safna n\u00fa fyrir verkefninu \u00e1 Karolina Fund &#8211; 14 [&hellip;]\" \/>\n<meta property=\"og:url\" content=\"https:\/\/eirikurjonsson.is\/index.php\/2026\/04\/28\/fljotandi-gufubad-i-fjallabyggd\/\" \/>\n<meta property=\"og:site_name\" content=\"Eir\u00edkur J\u00f3nsson\" \/>\n<meta property=\"article:published_time\" content=\"2026-04-28T12:42:07+00:00\" \/>\n<meta property=\"og:image\" content=\"https:\/\/eirikurjonsson.is\/wp-content\/uploads\/2026\/04\/fljotandi-gufubad.webp\" \/>\n\t<meta property=\"og:image:width\" content=\"751\" \/>\n\t<meta property=\"og:image:height\" content=\"475\" \/>\n\t<meta property=\"og:image:type\" content=\"image\/webp\" \/>\n<meta name=\"author\" content=\"eir\" \/>\n<meta name=\"twitter:card\" content=\"summary_large_image\" \/>\n<meta name=\"twitter:label1\" content=\"Written by\" \/>\n\t<meta name=\"twitter:data1\" content=\"eir\" \/>\n\t<meta name=\"twitter:label2\" content=\"Est. reading time\" \/>\n\t<meta name=\"twitter:data2\" content=\"2 minutes\" \/>\n<script type=\"application\/ld+json\" class=\"yoast-schema-graph\">{\"@context\":\"https:\/\/schema.org\",\"@graph\":[{\"@type\":\"WebPage\",\"@id\":\"https:\/\/eirikurjonsson.is\/index.php\/2026\/04\/28\/fljotandi-gufubad-i-fjallabyggd\/\",\"url\":\"https:\/\/eirikurjonsson.is\/index.php\/2026\/04\/28\/fljotandi-gufubad-i-fjallabyggd\/\",\"name\":\"FLJ\u00d3TANDI GUFUBA\u00d0 \u00cd FJALLABYGG\u00d0 &#8211; Eir\u00edkur J\u00f3nsson\",\"isPartOf\":{\"@id\":\"https:\/\/eirikurjonsson.is\/#website\"},\"datePublished\":\"2026-04-28T12:42:07+00:00\",\"dateModified\":\"2026-04-28T12:42:07+00:00\",\"author\":{\"@id\":\"https:\/\/eirikurjonsson.is\/#\/schema\/person\/308afa1d0e201918034e31b1da4f07a5\"},\"breadcrumb\":{\"@id\":\"https:\/\/eirikurjonsson.is\/index.php\/2026\/04\/28\/fljotandi-gufubad-i-fjallabyggd\/#breadcrumb\"},\"inLanguage\":\"is\",\"potentialAction\":[{\"@type\":\"ReadAction\",\"target\":[\"https:\/\/eirikurjonsson.is\/index.php\/2026\/04\/28\/fljotandi-gufubad-i-fjallabyggd\/\"]}]},{\"@type\":\"BreadcrumbList\",\"@id\":\"https:\/\/eirikurjonsson.is\/index.php\/2026\/04\/28\/fljotandi-gufubad-i-fjallabyggd\/#breadcrumb\",\"itemListElement\":[{\"@type\":\"ListItem\",\"position\":1,\"name\":\"Home\",\"item\":\"https:\/\/eirikurjonsson.is\/\"},{\"@type\":\"ListItem\",\"position\":2,\"name\":\"FLJ\u00d3TANDI GUFUBA\u00d0 \u00cd FJALLABYGG\u00d0\"}]},{\"@type\":\"WebSite\",\"@id\":\"https:\/\/eirikurjonsson.is\/#website\",\"url\":\"https:\/\/eirikurjonsson.is\/\",\"name\":\"Eir\u00edkur J\u00f3nsson\",\"description\":\"Eir\u00edkur J\u00f3nsson | EIR eirikurjonsson.is\",\"potentialAction\":[{\"@type\":\"SearchAction\",\"target\":{\"@type\":\"EntryPoint\",\"urlTemplate\":\"https:\/\/eirikurjonsson.is\/?s={search_term_string}\"},\"query-input\":\"required name=search_term_string\"}],\"inLanguage\":\"is\"},{\"@type\":\"Person\",\"@id\":\"https:\/\/eirikurjonsson.is\/#\/schema\/person\/308afa1d0e201918034e31b1da4f07a5\",\"name\":\"eir\",\"image\":{\"@type\":\"ImageObject\",\"inLanguage\":\"is\",\"@id\":\"https:\/\/eirikurjonsson.is\/#\/schema\/person\/image\/\",\"url\":\"https:\/\/secure.gravatar.com\/avatar\/b6748316a4400053a1fa9f4694b38d294dc5da6f4bacc727742bd8f3e689f87c?s=96&d=mm&r=g\",\"contentUrl\":\"https:\/\/secure.gravatar.com\/avatar\/b6748316a4400053a1fa9f4694b38d294dc5da6f4bacc727742bd8f3e689f87c?s=96&d=mm&r=g\",\"caption\":\"eir\"},\"url\":\"https:\/\/eirikurjonsson.is\/index.php\/author\/eir\/\"}]}<\/script>\n<!-- \/ Yoast SEO plugin. -->","yoast_head_json":{"title":"FLJ\u00d3TANDI GUFUBA\u00d0 \u00cd FJALLABYGG\u00d0 &#8211; Eir\u00edkur J\u00f3nsson","robots":{"index":"index","follow":"follow","max-snippet":"max-snippet:-1","max-image-preview":"max-image-preview:large","max-video-preview":"max-video-preview:-1"},"canonical":"https:\/\/eirikurjonsson.is\/index.php\/2026\/04\/28\/fljotandi-gufubad-i-fjallabyggd\/","og_locale":"is_IS","og_type":"article","og_title":"FLJ\u00d3TANDI GUFUBA\u00d0 \u00cd FJALLABYGG\u00d0 &#8211; Eir\u00edkur J\u00f3nsson","og_description":"&#8222;Verkefni\u00f0 okkar er a\u00f0 setja ni\u00f0ur flj\u00f3tandi gufuba\u00f0sklefa \u00e1 \u00d3lafsfjar\u00f0arvatn \u00ed landi Brekkulands. Vi\u00f0 teljum a\u00f0 \u00feetta ver\u00f0i fr\u00e1b\u00e6r vi\u00f0b\u00f3t vi\u00f0 fj\u00f6lbreytt \u00farval heilsu- og \u00fativistar- tengdrar af\u00fereyingar \u00ed Fjallabygg\u00f0 fyrir b\u00e6\u00f0i \u00edb\u00faa og gesti,&#8220; segja P\u00e1lmi og Svava sem b\u00faa \u00ed Brekkulandi \u00ed \u00d3lafsfir\u00f0i og safna n\u00fa fyrir verkefninu \u00e1 Karolina Fund &#8211; 14 [&hellip;]","og_url":"https:\/\/eirikurjonsson.is\/index.php\/2026\/04\/28\/fljotandi-gufubad-i-fjallabyggd\/","og_site_name":"Eir\u00edkur J\u00f3nsson","article_published_time":"2026-04-28T12:42:07+00:00","og_image":[{"width":751,"height":475,"url":"https:\/\/eirikurjonsson.is\/wp-content\/uploads\/2026\/04\/fljotandi-gufubad.webp","type":"image\/webp"}],"author":"eir","twitter_card":"summary_large_image","twitter_misc":{"Written by":"eir","Est. reading time":"2 minutes"},"schema":{"@context":"https:\/\/schema.org","@graph":[{"@type":"WebPage","@id":"https:\/\/eirikurjonsson.is\/index.php\/2026\/04\/28\/fljotandi-gufubad-i-fjallabyggd\/","url":"https:\/\/eirikurjonsson.is\/index.php\/2026\/04\/28\/fljotandi-gufubad-i-fjallabyggd\/","name":"FLJ\u00d3TANDI GUFUBA\u00d0 \u00cd FJALLABYGG\u00d0 &#8211; Eir\u00edkur J\u00f3nsson","isPartOf":{"@id":"https:\/\/eirikurjonsson.is\/#website"},"datePublished":"2026-04-28T12:42:07+00:00","dateModified":"2026-04-28T12:42:07+00:00","author":{"@id":"https:\/\/eirikurjonsson.is\/#\/schema\/person\/308afa1d0e201918034e31b1da4f07a5"},"breadcrumb":{"@id":"https:\/\/eirikurjonsson.is\/index.php\/2026\/04\/28\/fljotandi-gufubad-i-fjallabyggd\/#breadcrumb"},"inLanguage":"is","potentialAction":[{"@type":"ReadAction","target":["https:\/\/eirikurjonsson.is\/index.php\/2026\/04\/28\/fljotandi-gufubad-i-fjallabyggd\/"]}]},{"@type":"BreadcrumbList","@id":"https:\/\/eirikurjonsson.is\/index.php\/2026\/04\/28\/fljotandi-gufubad-i-fjallabyggd\/#breadcrumb","itemListElement":[{"@type":"ListItem","position":1,"name":"Home","item":"https:\/\/eirikurjonsson.is\/"},{"@type":"ListItem","position":2,"name":"FLJ\u00d3TANDI GUFUBA\u00d0 \u00cd FJALLABYGG\u00d0"}]},{"@type":"WebSite","@id":"https:\/\/eirikurjonsson.is\/#website","url":"https:\/\/eirikurjonsson.is\/","name":"Eir\u00edkur J\u00f3nsson","description":"Eir\u00edkur J\u00f3nsson | EIR eirikurjonsson.is","potentialAction":[{"@type":"SearchAction","target":{"@type":"EntryPoint","urlTemplate":"https:\/\/eirikurjonsson.is\/?s={search_term_string}"},"query-input":"required name=search_term_string"}],"inLanguage":"is"},{"@type":"Person","@id":"https:\/\/eirikurjonsson.is\/#\/schema\/person\/308afa1d0e201918034e31b1da4f07a5","name":"eir","image":{"@type":"ImageObject","inLanguage":"is","@id":"https:\/\/eirikurjonsson.is\/#\/schema\/person\/image\/","url":"https:\/\/secure.gravatar.com\/avatar\/b6748316a4400053a1fa9f4694b38d294dc5da6f4bacc727742bd8f3e689f87c?s=96&d=mm&r=g","contentUrl":"https:\/\/secure.gravatar.com\/avatar\/b6748316a4400053a1fa9f4694b38d294dc5da6f4bacc727742bd8f3e689f87c?s=96&d=mm&r=g","caption":"eir"},"url":"https:\/\/eirikurjonsson.is\/index.php\/author\/eir\/"}]}},"_links":{"self":[{"href":"https:\/\/eirikurjonsson.is\/index.php\/wp-json\/wp\/v2\/posts\/11477","targetHints":{"allow":["GET"]}}],"collection":[{"href":"https:\/\/eirikurjonsson.is\/index.php\/wp-json\/wp\/v2\/posts"}],"about":[{"href":"https:\/\/eirikurjonsson.is\/index.php\/wp-json\/wp\/v2\/types\/post"}],"author":[{"embeddable":true,"href":"https:\/\/eirikurjonsson.is\/index.php\/wp-json\/wp\/v2\/users\/2"}],"replies":[{"embeddable":true,"href":"https:\/\/eirikurjonsson.is\/index.php\/wp-json\/wp\/v2\/comments?post=11477"}],"version-history":[{"count":1,"href":"https:\/\/eirikurjonsson.is\/index.php\/wp-json\/wp\/v2\/posts\/11477\/revisions"}],"predecessor-version":[{"id":11479,"href":"https:\/\/eirikurjonsson.is\/index.php\/wp-json\/wp\/v2\/posts\/11477\/revisions\/11479"}],"wp:featuredmedia":[{"embeddable":true,"href":"https:\/\/eirikurjonsson.is\/index.php\/wp-json\/wp\/v2\/media\/11480"}],"wp:attachment":[{"href":"https:\/\/eirikurjonsson.is\/index.php\/wp-json\/wp\/v2\/media?parent=11477"}],"wp:term":[{"taxonomy":"category","embeddable":true,"href":"https:\/\/eirikurjonsson.is\/index.php\/wp-json\/wp\/v2\/categories?post=11477"},{"taxonomy":"post_tag","embeddable":true,"href":"https:\/\/eirikurjonsson.is\/index.php\/wp-json\/wp\/v2\/tags?post=11477"}],"curies":[{"name":"wp","href":"https:\/\/api.w.org\/{rel}","templated":true}]}}