{"id":11469,"date":"2026-04-27T14:31:47","date_gmt":"2026-04-27T14:31:47","guid":{"rendered":"https:\/\/eirikurjonsson.is\/?p=11469"},"modified":"2026-04-27T14:31:47","modified_gmt":"2026-04-27T14:31:47","slug":"aframhaldandi-sterk-stada-reykjavikurborgar","status":"publish","type":"post","link":"https:\/\/eirikurjonsson.is\/index.php\/2026\/04\/27\/aframhaldandi-sterk-stada-reykjavikurborgar\/","title":{"rendered":"&#8222;\u00c1FRAMHALDANDI STERK STA\u00d0A REYKJAV\u00cdKURBORGAR&#8220;"},"content":{"rendered":"<p style=\"text-align: center;\">\u00c1rsreikningur Reykjav\u00edkurborgar lag\u00f0ur fram. \u00cd tilkynningu fr\u00e1 borginni segir me\u00f0al annars:<\/p>\n<p style=\"text-align: center;\">&#8211;<\/p>\n<p style=\"text-align: center;\"><strong>\u00c1framhaldandi sterk sta\u00f0a Reykjav\u00edkurborgar<\/strong><\/p>\n<p><em>&#8230;rekstrarni\u00f0ursta\u00f0a A- og B- hluta er j\u00e1kv\u00e6\u00f0 um 8 milljar\u00f0a kr\u00f3na en ni\u00f0ursta\u00f0an af rekstri A-hluta var neikv\u00e6\u00f0 um r\u00edflega fimm milljar\u00f0a. Helsta sk\u00fdring neikv\u00e6\u00f0rar ni\u00f0urst\u00f6\u00f0u af A-hluta borgarinnar er mikil h\u00e6kkun l\u00edfeyrisskuldbindinga auk \u00feess sem h\u00e1 ver\u00f0b\u00f3lga og \u00f3vissa \u00e1 atvinnumarka\u00f0i lei\u00f0ir til h\u00e6gari vaxtar \u00fatsvarsgrei\u00f0slna. Rekstur m\u00e1laflokka og \u00fej\u00f3nustu var \u00ed jafnv\u00e6gi og \u00ed takt vi\u00f0 \u00e1\u00e6tlanir&#8230;<\/em><\/p>\n<p><em>&#8230;laun og annar rekstrarkostna\u00f0ur \u00e1n l\u00edfeyrisskuldbindinga nam 189,5 millj\u00f6r\u00f0um kr\u00f3na og h\u00e6kka\u00f0i um 7% \u00e1 milli \u00e1ra. Launa\u00fatgj\u00f6ld h\u00e6kku\u00f0u um 8,4 milljar\u00f0a kr\u00f3na e\u00f0a um 8,1% en n\u00fdir kjarasamningar hafa h\u00e9r nokkur \u00e1hrif.<\/em><\/p>\n","protected":false},"excerpt":{"rendered":"<p>\u00c1rsreikningur Reykjav\u00edkurborgar lag\u00f0ur fram. \u00cd tilkynningu fr\u00e1 borginni segir me\u00f0al annars: &#8211; \u00c1framhaldandi sterk sta\u00f0a Reykjav\u00edkurborgar &#8230;rekstrarni\u00f0ursta\u00f0a A- og B- hluta er j\u00e1kv\u00e6\u00f0 um 8 milljar\u00f0a kr\u00f3na en ni\u00f0ursta\u00f0an af rekstri A-hluta var neikv\u00e6\u00f0 um r\u00edflega fimm milljar\u00f0a. Helsta sk\u00fdring neikv\u00e6\u00f0rar ni\u00f0urst\u00f6\u00f0u af A-hluta borgarinnar er mikil h\u00e6kkun l\u00edfeyrisskuldbindinga auk \u00feess sem h\u00e1 ver\u00f0b\u00f3lga og [&hellip;]<\/p>\n","protected":false},"author":2,"featured_media":11467,"comment_status":"open","ping_status":"open","sticky":false,"template":"","format":"standard","meta":{"_monsterinsights_skip_tracking":false,"_monsterinsights_sitenote_active":false,"_monsterinsights_sitenote_note":"","_monsterinsights_sitenote_category":0,"footnotes":""},"categories":[1],"tags":[],"class_list":{"0":"post-11469","1":"post","2":"type-post","3":"status-publish","4":"format-standard","5":"has-post-thumbnail","7":"category-uncategorized"},"yoast_head":"<!-- This site is optimized with the Yoast SEO plugin v22.0 - https:\/\/yoast.com\/wordpress\/plugins\/seo\/ -->\n<title>&quot;\u00c1FRAMHALDANDI STERK STA\u00d0A REYKJAV\u00cdKURBORGAR&quot; &#8211; Eir\u00edkur J\u00f3nsson<\/title>\n<meta name=\"robots\" content=\"index, follow, max-snippet:-1, max-image-preview:large, max-video-preview:-1\" \/>\n<link rel=\"canonical\" href=\"https:\/\/eirikurjonsson.is\/index.php\/2026\/04\/27\/aframhaldandi-sterk-stada-reykjavikurborgar\/\" \/>\n<meta property=\"og:locale\" content=\"is_IS\" \/>\n<meta property=\"og:type\" content=\"article\" \/>\n<meta property=\"og:title\" content=\"&quot;\u00c1FRAMHALDANDI STERK STA\u00d0A REYKJAV\u00cdKURBORGAR&quot; &#8211; Eir\u00edkur J\u00f3nsson\" \/>\n<meta property=\"og:description\" content=\"\u00c1rsreikningur Reykjav\u00edkurborgar lag\u00f0ur fram. \u00cd tilkynningu fr\u00e1 borginni segir me\u00f0al annars: &#8211; \u00c1framhaldandi sterk sta\u00f0a Reykjav\u00edkurborgar &#8230;rekstrarni\u00f0ursta\u00f0a A- og B- hluta er j\u00e1kv\u00e6\u00f0 um 8 milljar\u00f0a kr\u00f3na en ni\u00f0ursta\u00f0an af rekstri A-hluta var neikv\u00e6\u00f0 um r\u00edflega fimm milljar\u00f0a. Helsta sk\u00fdring neikv\u00e6\u00f0rar ni\u00f0urst\u00f6\u00f0u af A-hluta borgarinnar er mikil h\u00e6kkun l\u00edfeyrisskuldbindinga auk \u00feess sem h\u00e1 ver\u00f0b\u00f3lga og [&hellip;]\" \/>\n<meta property=\"og:url\" content=\"https:\/\/eirikurjonsson.is\/index.php\/2026\/04\/27\/aframhaldandi-sterk-stada-reykjavikurborgar\/\" \/>\n<meta property=\"og:site_name\" content=\"Eir\u00edkur J\u00f3nsson\" \/>\n<meta property=\"article:published_time\" content=\"2026-04-27T14:31:47+00:00\" \/>\n<meta property=\"og:image\" content=\"https:\/\/eirikurjonsson.is\/wp-content\/uploads\/2026\/04\/ARSREIKN-1.jpg\" \/>\n\t<meta property=\"og:image:width\" content=\"461\" \/>\n\t<meta property=\"og:image:height\" content=\"284\" \/>\n\t<meta property=\"og:image:type\" content=\"image\/jpeg\" \/>\n<meta name=\"author\" content=\"eir\" \/>\n<meta name=\"twitter:card\" content=\"summary_large_image\" \/>\n<meta name=\"twitter:label1\" content=\"Written by\" \/>\n\t<meta name=\"twitter:data1\" content=\"eir\" \/>\n\t<meta name=\"twitter:label2\" content=\"Est. reading time\" \/>\n\t<meta name=\"twitter:data2\" content=\"1 minute\" \/>\n<script type=\"application\/ld+json\" class=\"yoast-schema-graph\">{\"@context\":\"https:\/\/schema.org\",\"@graph\":[{\"@type\":\"WebPage\",\"@id\":\"https:\/\/eirikurjonsson.is\/index.php\/2026\/04\/27\/aframhaldandi-sterk-stada-reykjavikurborgar\/\",\"url\":\"https:\/\/eirikurjonsson.is\/index.php\/2026\/04\/27\/aframhaldandi-sterk-stada-reykjavikurborgar\/\",\"name\":\"\\\"\u00c1FRAMHALDANDI STERK STA\u00d0A REYKJAV\u00cdKURBORGAR\\\" &#8211; Eir\u00edkur J\u00f3nsson\",\"isPartOf\":{\"@id\":\"https:\/\/eirikurjonsson.is\/#website\"},\"datePublished\":\"2026-04-27T14:31:47+00:00\",\"dateModified\":\"2026-04-27T14:31:47+00:00\",\"author\":{\"@id\":\"https:\/\/eirikurjonsson.is\/#\/schema\/person\/308afa1d0e201918034e31b1da4f07a5\"},\"breadcrumb\":{\"@id\":\"https:\/\/eirikurjonsson.is\/index.php\/2026\/04\/27\/aframhaldandi-sterk-stada-reykjavikurborgar\/#breadcrumb\"},\"inLanguage\":\"is\",\"potentialAction\":[{\"@type\":\"ReadAction\",\"target\":[\"https:\/\/eirikurjonsson.is\/index.php\/2026\/04\/27\/aframhaldandi-sterk-stada-reykjavikurborgar\/\"]}]},{\"@type\":\"BreadcrumbList\",\"@id\":\"https:\/\/eirikurjonsson.is\/index.php\/2026\/04\/27\/aframhaldandi-sterk-stada-reykjavikurborgar\/#breadcrumb\",\"itemListElement\":[{\"@type\":\"ListItem\",\"position\":1,\"name\":\"Home\",\"item\":\"https:\/\/eirikurjonsson.is\/\"},{\"@type\":\"ListItem\",\"position\":2,\"name\":\"&#8222;\u00c1FRAMHALDANDI STERK STA\u00d0A REYKJAV\u00cdKURBORGAR&#8220;\"}]},{\"@type\":\"WebSite\",\"@id\":\"https:\/\/eirikurjonsson.is\/#website\",\"url\":\"https:\/\/eirikurjonsson.is\/\",\"name\":\"Eir\u00edkur J\u00f3nsson\",\"description\":\"Eir\u00edkur J\u00f3nsson | EIR eirikurjonsson.is\",\"potentialAction\":[{\"@type\":\"SearchAction\",\"target\":{\"@type\":\"EntryPoint\",\"urlTemplate\":\"https:\/\/eirikurjonsson.is\/?s={search_term_string}\"},\"query-input\":\"required name=search_term_string\"}],\"inLanguage\":\"is\"},{\"@type\":\"Person\",\"@id\":\"https:\/\/eirikurjonsson.is\/#\/schema\/person\/308afa1d0e201918034e31b1da4f07a5\",\"name\":\"eir\",\"image\":{\"@type\":\"ImageObject\",\"inLanguage\":\"is\",\"@id\":\"https:\/\/eirikurjonsson.is\/#\/schema\/person\/image\/\",\"url\":\"https:\/\/secure.gravatar.com\/avatar\/b6748316a4400053a1fa9f4694b38d294dc5da6f4bacc727742bd8f3e689f87c?s=96&d=mm&r=g\",\"contentUrl\":\"https:\/\/secure.gravatar.com\/avatar\/b6748316a4400053a1fa9f4694b38d294dc5da6f4bacc727742bd8f3e689f87c?s=96&d=mm&r=g\",\"caption\":\"eir\"},\"url\":\"https:\/\/eirikurjonsson.is\/index.php\/author\/eir\/\"}]}<\/script>\n<!-- \/ Yoast SEO plugin. -->","yoast_head_json":{"title":"\"\u00c1FRAMHALDANDI STERK STA\u00d0A REYKJAV\u00cdKURBORGAR\" &#8211; Eir\u00edkur J\u00f3nsson","robots":{"index":"index","follow":"follow","max-snippet":"max-snippet:-1","max-image-preview":"max-image-preview:large","max-video-preview":"max-video-preview:-1"},"canonical":"https:\/\/eirikurjonsson.is\/index.php\/2026\/04\/27\/aframhaldandi-sterk-stada-reykjavikurborgar\/","og_locale":"is_IS","og_type":"article","og_title":"\"\u00c1FRAMHALDANDI STERK STA\u00d0A REYKJAV\u00cdKURBORGAR\" &#8211; Eir\u00edkur J\u00f3nsson","og_description":"\u00c1rsreikningur Reykjav\u00edkurborgar lag\u00f0ur fram. \u00cd tilkynningu fr\u00e1 borginni segir me\u00f0al annars: &#8211; \u00c1framhaldandi sterk sta\u00f0a Reykjav\u00edkurborgar &#8230;rekstrarni\u00f0ursta\u00f0a A- og B- hluta er j\u00e1kv\u00e6\u00f0 um 8 milljar\u00f0a kr\u00f3na en ni\u00f0ursta\u00f0an af rekstri A-hluta var neikv\u00e6\u00f0 um r\u00edflega fimm milljar\u00f0a. Helsta sk\u00fdring neikv\u00e6\u00f0rar ni\u00f0urst\u00f6\u00f0u af A-hluta borgarinnar er mikil h\u00e6kkun l\u00edfeyrisskuldbindinga auk \u00feess sem h\u00e1 ver\u00f0b\u00f3lga og [&hellip;]","og_url":"https:\/\/eirikurjonsson.is\/index.php\/2026\/04\/27\/aframhaldandi-sterk-stada-reykjavikurborgar\/","og_site_name":"Eir\u00edkur J\u00f3nsson","article_published_time":"2026-04-27T14:31:47+00:00","og_image":[{"width":461,"height":284,"url":"https:\/\/eirikurjonsson.is\/wp-content\/uploads\/2026\/04\/ARSREIKN-1.jpg","type":"image\/jpeg"}],"author":"eir","twitter_card":"summary_large_image","twitter_misc":{"Written by":"eir","Est. reading time":"1 minute"},"schema":{"@context":"https:\/\/schema.org","@graph":[{"@type":"WebPage","@id":"https:\/\/eirikurjonsson.is\/index.php\/2026\/04\/27\/aframhaldandi-sterk-stada-reykjavikurborgar\/","url":"https:\/\/eirikurjonsson.is\/index.php\/2026\/04\/27\/aframhaldandi-sterk-stada-reykjavikurborgar\/","name":"\"\u00c1FRAMHALDANDI STERK STA\u00d0A REYKJAV\u00cdKURBORGAR\" &#8211; Eir\u00edkur J\u00f3nsson","isPartOf":{"@id":"https:\/\/eirikurjonsson.is\/#website"},"datePublished":"2026-04-27T14:31:47+00:00","dateModified":"2026-04-27T14:31:47+00:00","author":{"@id":"https:\/\/eirikurjonsson.is\/#\/schema\/person\/308afa1d0e201918034e31b1da4f07a5"},"breadcrumb":{"@id":"https:\/\/eirikurjonsson.is\/index.php\/2026\/04\/27\/aframhaldandi-sterk-stada-reykjavikurborgar\/#breadcrumb"},"inLanguage":"is","potentialAction":[{"@type":"ReadAction","target":["https:\/\/eirikurjonsson.is\/index.php\/2026\/04\/27\/aframhaldandi-sterk-stada-reykjavikurborgar\/"]}]},{"@type":"BreadcrumbList","@id":"https:\/\/eirikurjonsson.is\/index.php\/2026\/04\/27\/aframhaldandi-sterk-stada-reykjavikurborgar\/#breadcrumb","itemListElement":[{"@type":"ListItem","position":1,"name":"Home","item":"https:\/\/eirikurjonsson.is\/"},{"@type":"ListItem","position":2,"name":"&#8222;\u00c1FRAMHALDANDI STERK STA\u00d0A REYKJAV\u00cdKURBORGAR&#8220;"}]},{"@type":"WebSite","@id":"https:\/\/eirikurjonsson.is\/#website","url":"https:\/\/eirikurjonsson.is\/","name":"Eir\u00edkur J\u00f3nsson","description":"Eir\u00edkur J\u00f3nsson | EIR eirikurjonsson.is","potentialAction":[{"@type":"SearchAction","target":{"@type":"EntryPoint","urlTemplate":"https:\/\/eirikurjonsson.is\/?s={search_term_string}"},"query-input":"required name=search_term_string"}],"inLanguage":"is"},{"@type":"Person","@id":"https:\/\/eirikurjonsson.is\/#\/schema\/person\/308afa1d0e201918034e31b1da4f07a5","name":"eir","image":{"@type":"ImageObject","inLanguage":"is","@id":"https:\/\/eirikurjonsson.is\/#\/schema\/person\/image\/","url":"https:\/\/secure.gravatar.com\/avatar\/b6748316a4400053a1fa9f4694b38d294dc5da6f4bacc727742bd8f3e689f87c?s=96&d=mm&r=g","contentUrl":"https:\/\/secure.gravatar.com\/avatar\/b6748316a4400053a1fa9f4694b38d294dc5da6f4bacc727742bd8f3e689f87c?s=96&d=mm&r=g","caption":"eir"},"url":"https:\/\/eirikurjonsson.is\/index.php\/author\/eir\/"}]}},"_links":{"self":[{"href":"https:\/\/eirikurjonsson.is\/index.php\/wp-json\/wp\/v2\/posts\/11469","targetHints":{"allow":["GET"]}}],"collection":[{"href":"https:\/\/eirikurjonsson.is\/index.php\/wp-json\/wp\/v2\/posts"}],"about":[{"href":"https:\/\/eirikurjonsson.is\/index.php\/wp-json\/wp\/v2\/types\/post"}],"author":[{"embeddable":true,"href":"https:\/\/eirikurjonsson.is\/index.php\/wp-json\/wp\/v2\/users\/2"}],"replies":[{"embeddable":true,"href":"https:\/\/eirikurjonsson.is\/index.php\/wp-json\/wp\/v2\/comments?post=11469"}],"version-history":[{"count":1,"href":"https:\/\/eirikurjonsson.is\/index.php\/wp-json\/wp\/v2\/posts\/11469\/revisions"}],"predecessor-version":[{"id":11470,"href":"https:\/\/eirikurjonsson.is\/index.php\/wp-json\/wp\/v2\/posts\/11469\/revisions\/11470"}],"wp:featuredmedia":[{"embeddable":true,"href":"https:\/\/eirikurjonsson.is\/index.php\/wp-json\/wp\/v2\/media\/11467"}],"wp:attachment":[{"href":"https:\/\/eirikurjonsson.is\/index.php\/wp-json\/wp\/v2\/media?parent=11469"}],"wp:term":[{"taxonomy":"category","embeddable":true,"href":"https:\/\/eirikurjonsson.is\/index.php\/wp-json\/wp\/v2\/categories?post=11469"},{"taxonomy":"post_tag","embeddable":true,"href":"https:\/\/eirikurjonsson.is\/index.php\/wp-json\/wp\/v2\/tags?post=11469"}],"curies":[{"name":"wp","href":"https:\/\/api.w.org\/{rel}","templated":true}]}}