{"id":11438,"date":"2026-04-26T17:48:29","date_gmt":"2026-04-26T17:48:29","guid":{"rendered":"https:\/\/eirikurjonsson.is\/?p=11438"},"modified":"2026-04-26T17:49:52","modified_gmt":"2026-04-26T17:49:52","slug":"audur-jons-srifar-aevisogu-ingibjargar-solrunar","status":"publish","type":"post","link":"https:\/\/eirikurjonsson.is\/index.php\/2026\/04\/26\/audur-jons-srifar-aevisogu-ingibjargar-solrunar\/","title":{"rendered":"AU\u00d0UR J\u00d3NS SRIFAR \u00c6VIS\u00d6GU INGIBJARGAR S\u00d3LR\u00daNAR"},"content":{"rendered":"<p>Au\u00f0ur J\u00f3nsd\u00f3ttir rith\u00f6fundur vinnur n\u00fa a\u00f0 ritun \u00e6vis\u00f6gu Ingibjargar S\u00f3lr\u00fanar G\u00edslad\u00f3ttur, fyrrum untanr\u00edkisr\u00e1\u00f0herra, borgarstj\u00f3ra og formanns Samfylkingarinnar. Verki\u00f0 er komi\u00f0 \u00e1 veg en l\u00f6ng lei\u00f0 framundan.<\/p>\n<p>&#8211;<\/p>\n<p><em>Ingibj\u00f6rg S\u00f3lr\u00fan er 71 \u00e1rs. Var\u00f0 st\u00fadent 1974. BA-pr\u00f3f \u00ed sagnfr\u00e6\u00f0i og b\u00f3kmenntum H\u00cd 1979. Gestanemandi vi\u00f0 Hafnarh\u00e1sk\u00f3la 1979\u20131981. Cand. mag. n\u00e1m \u00ed sagnfr\u00e6\u00f0i vi\u00f0 H\u00cd 1981\u20131983. Vann \u00fdmis almenn st\u00f6rf me\u00f0 n\u00e1mi 1974\u20131981. Starfsma\u00f0ur d\u00f6nsku p\u00f3st\u00fej\u00f3nustunnar 1979\u20131981. Ritstj\u00f3ri t\u00edmaritsins Veru 1988\u20131990. \u00ddmis ritst\u00f6rf og bla\u00f0amennska 1990\u20131991. Borgarstj\u00f3ri Reykjav\u00edkur 1994\u20132003. Skipu\u00f0 24. ma\u00ed 2007 utanr\u00edkisr\u00e1\u00f0herra, lausn 1. febr\u00faar 2009.<\/em><\/p>\n","protected":false},"excerpt":{"rendered":"<p>Au\u00f0ur J\u00f3nsd\u00f3ttir rith\u00f6fundur vinnur n\u00fa a\u00f0 ritun \u00e6vis\u00f6gu Ingibjargar S\u00f3lr\u00fanar G\u00edslad\u00f3ttur, fyrrum untanr\u00edkisr\u00e1\u00f0herra, borgarstj\u00f3ra og formanns Samfylkingarinnar. Verki\u00f0 er komi\u00f0 \u00e1 veg en l\u00f6ng lei\u00f0 framundan. &#8211; Ingibj\u00f6rg S\u00f3lr\u00fan er 71 \u00e1rs. Var\u00f0 st\u00fadent 1974. BA-pr\u00f3f \u00ed sagnfr\u00e6\u00f0i og b\u00f3kmenntum H\u00cd 1979. Gestanemandi vi\u00f0 Hafnarh\u00e1sk\u00f3la 1979\u20131981. Cand. mag. n\u00e1m \u00ed sagnfr\u00e6\u00f0i vi\u00f0 H\u00cd 1981\u20131983. Vann [&hellip;]<\/p>\n","protected":false},"author":2,"featured_media":11439,"comment_status":"open","ping_status":"open","sticky":false,"template":"","format":"standard","meta":{"_monsterinsights_skip_tracking":false,"_monsterinsights_sitenote_active":false,"_monsterinsights_sitenote_note":"","_monsterinsights_sitenote_category":0,"footnotes":""},"categories":[31],"tags":[],"class_list":{"0":"post-11438","1":"post","2":"type-post","3":"status-publish","4":"format-standard","5":"has-post-thumbnail","7":"category-greinar"},"yoast_head":"<!-- This site is optimized with the Yoast SEO plugin v22.0 - https:\/\/yoast.com\/wordpress\/plugins\/seo\/ -->\n<title>AU\u00d0UR J\u00d3NS SRIFAR \u00c6VIS\u00d6GU INGIBJARGAR S\u00d3LR\u00daNAR &#8211; Eir\u00edkur J\u00f3nsson<\/title>\n<meta name=\"robots\" content=\"index, follow, max-snippet:-1, max-image-preview:large, max-video-preview:-1\" \/>\n<link rel=\"canonical\" href=\"https:\/\/eirikurjonsson.is\/index.php\/2026\/04\/26\/audur-jons-srifar-aevisogu-ingibjargar-solrunar\/\" \/>\n<meta property=\"og:locale\" content=\"is_IS\" \/>\n<meta property=\"og:type\" content=\"article\" \/>\n<meta property=\"og:title\" content=\"AU\u00d0UR J\u00d3NS SRIFAR \u00c6VIS\u00d6GU INGIBJARGAR S\u00d3LR\u00daNAR &#8211; Eir\u00edkur J\u00f3nsson\" \/>\n<meta property=\"og:description\" content=\"Au\u00f0ur J\u00f3nsd\u00f3ttir rith\u00f6fundur vinnur n\u00fa a\u00f0 ritun \u00e6vis\u00f6gu Ingibjargar S\u00f3lr\u00fanar G\u00edslad\u00f3ttur, fyrrum untanr\u00edkisr\u00e1\u00f0herra, borgarstj\u00f3ra og formanns Samfylkingarinnar. Verki\u00f0 er komi\u00f0 \u00e1 veg en l\u00f6ng lei\u00f0 framundan. &#8211; Ingibj\u00f6rg S\u00f3lr\u00fan er 71 \u00e1rs. Var\u00f0 st\u00fadent 1974. BA-pr\u00f3f \u00ed sagnfr\u00e6\u00f0i og b\u00f3kmenntum H\u00cd 1979. Gestanemandi vi\u00f0 Hafnarh\u00e1sk\u00f3la 1979\u20131981. Cand. mag. n\u00e1m \u00ed sagnfr\u00e6\u00f0i vi\u00f0 H\u00cd 1981\u20131983. Vann [&hellip;]\" \/>\n<meta property=\"og:url\" content=\"https:\/\/eirikurjonsson.is\/index.php\/2026\/04\/26\/audur-jons-srifar-aevisogu-ingibjargar-solrunar\/\" \/>\n<meta property=\"og:site_name\" content=\"Eir\u00edkur J\u00f3nsson\" \/>\n<meta property=\"article:published_time\" content=\"2026-04-26T17:48:29+00:00\" \/>\n<meta property=\"article:modified_time\" content=\"2026-04-26T17:49:52+00:00\" \/>\n<meta property=\"og:image\" content=\"https:\/\/eirikurjonsson.is\/wp-content\/uploads\/2026\/04\/BOK.jpg\" \/>\n\t<meta property=\"og:image:width\" content=\"714\" \/>\n\t<meta property=\"og:image:height\" content=\"483\" \/>\n\t<meta property=\"og:image:type\" content=\"image\/jpeg\" \/>\n<meta name=\"author\" content=\"eir\" \/>\n<meta name=\"twitter:card\" content=\"summary_large_image\" \/>\n<meta name=\"twitter:label1\" content=\"Written by\" \/>\n\t<meta name=\"twitter:data1\" content=\"eir\" \/>\n\t<meta name=\"twitter:label2\" content=\"Est. reading time\" \/>\n\t<meta name=\"twitter:data2\" content=\"1 minute\" \/>\n<script type=\"application\/ld+json\" class=\"yoast-schema-graph\">{\"@context\":\"https:\/\/schema.org\",\"@graph\":[{\"@type\":\"WebPage\",\"@id\":\"https:\/\/eirikurjonsson.is\/index.php\/2026\/04\/26\/audur-jons-srifar-aevisogu-ingibjargar-solrunar\/\",\"url\":\"https:\/\/eirikurjonsson.is\/index.php\/2026\/04\/26\/audur-jons-srifar-aevisogu-ingibjargar-solrunar\/\",\"name\":\"AU\u00d0UR J\u00d3NS SRIFAR \u00c6VIS\u00d6GU INGIBJARGAR S\u00d3LR\u00daNAR &#8211; Eir\u00edkur J\u00f3nsson\",\"isPartOf\":{\"@id\":\"https:\/\/eirikurjonsson.is\/#website\"},\"datePublished\":\"2026-04-26T17:48:29+00:00\",\"dateModified\":\"2026-04-26T17:49:52+00:00\",\"author\":{\"@id\":\"https:\/\/eirikurjonsson.is\/#\/schema\/person\/308afa1d0e201918034e31b1da4f07a5\"},\"breadcrumb\":{\"@id\":\"https:\/\/eirikurjonsson.is\/index.php\/2026\/04\/26\/audur-jons-srifar-aevisogu-ingibjargar-solrunar\/#breadcrumb\"},\"inLanguage\":\"is\",\"potentialAction\":[{\"@type\":\"ReadAction\",\"target\":[\"https:\/\/eirikurjonsson.is\/index.php\/2026\/04\/26\/audur-jons-srifar-aevisogu-ingibjargar-solrunar\/\"]}]},{\"@type\":\"BreadcrumbList\",\"@id\":\"https:\/\/eirikurjonsson.is\/index.php\/2026\/04\/26\/audur-jons-srifar-aevisogu-ingibjargar-solrunar\/#breadcrumb\",\"itemListElement\":[{\"@type\":\"ListItem\",\"position\":1,\"name\":\"Home\",\"item\":\"https:\/\/eirikurjonsson.is\/\"},{\"@type\":\"ListItem\",\"position\":2,\"name\":\"AU\u00d0UR J\u00d3NS SRIFAR \u00c6VIS\u00d6GU INGIBJARGAR S\u00d3LR\u00daNAR\"}]},{\"@type\":\"WebSite\",\"@id\":\"https:\/\/eirikurjonsson.is\/#website\",\"url\":\"https:\/\/eirikurjonsson.is\/\",\"name\":\"Eir\u00edkur J\u00f3nsson\",\"description\":\"Eir\u00edkur J\u00f3nsson | EIR eirikurjonsson.is\",\"potentialAction\":[{\"@type\":\"SearchAction\",\"target\":{\"@type\":\"EntryPoint\",\"urlTemplate\":\"https:\/\/eirikurjonsson.is\/?s={search_term_string}\"},\"query-input\":\"required name=search_term_string\"}],\"inLanguage\":\"is\"},{\"@type\":\"Person\",\"@id\":\"https:\/\/eirikurjonsson.is\/#\/schema\/person\/308afa1d0e201918034e31b1da4f07a5\",\"name\":\"eir\",\"image\":{\"@type\":\"ImageObject\",\"inLanguage\":\"is\",\"@id\":\"https:\/\/eirikurjonsson.is\/#\/schema\/person\/image\/\",\"url\":\"https:\/\/secure.gravatar.com\/avatar\/b6748316a4400053a1fa9f4694b38d294dc5da6f4bacc727742bd8f3e689f87c?s=96&d=mm&r=g\",\"contentUrl\":\"https:\/\/secure.gravatar.com\/avatar\/b6748316a4400053a1fa9f4694b38d294dc5da6f4bacc727742bd8f3e689f87c?s=96&d=mm&r=g\",\"caption\":\"eir\"},\"url\":\"https:\/\/eirikurjonsson.is\/index.php\/author\/eir\/\"}]}<\/script>\n<!-- \/ Yoast SEO plugin. -->","yoast_head_json":{"title":"AU\u00d0UR J\u00d3NS SRIFAR \u00c6VIS\u00d6GU INGIBJARGAR S\u00d3LR\u00daNAR &#8211; Eir\u00edkur J\u00f3nsson","robots":{"index":"index","follow":"follow","max-snippet":"max-snippet:-1","max-image-preview":"max-image-preview:large","max-video-preview":"max-video-preview:-1"},"canonical":"https:\/\/eirikurjonsson.is\/index.php\/2026\/04\/26\/audur-jons-srifar-aevisogu-ingibjargar-solrunar\/","og_locale":"is_IS","og_type":"article","og_title":"AU\u00d0UR J\u00d3NS SRIFAR \u00c6VIS\u00d6GU INGIBJARGAR S\u00d3LR\u00daNAR &#8211; Eir\u00edkur J\u00f3nsson","og_description":"Au\u00f0ur J\u00f3nsd\u00f3ttir rith\u00f6fundur vinnur n\u00fa a\u00f0 ritun \u00e6vis\u00f6gu Ingibjargar S\u00f3lr\u00fanar G\u00edslad\u00f3ttur, fyrrum untanr\u00edkisr\u00e1\u00f0herra, borgarstj\u00f3ra og formanns Samfylkingarinnar. Verki\u00f0 er komi\u00f0 \u00e1 veg en l\u00f6ng lei\u00f0 framundan. &#8211; Ingibj\u00f6rg S\u00f3lr\u00fan er 71 \u00e1rs. Var\u00f0 st\u00fadent 1974. BA-pr\u00f3f \u00ed sagnfr\u00e6\u00f0i og b\u00f3kmenntum H\u00cd 1979. Gestanemandi vi\u00f0 Hafnarh\u00e1sk\u00f3la 1979\u20131981. Cand. mag. n\u00e1m \u00ed sagnfr\u00e6\u00f0i vi\u00f0 H\u00cd 1981\u20131983. Vann [&hellip;]","og_url":"https:\/\/eirikurjonsson.is\/index.php\/2026\/04\/26\/audur-jons-srifar-aevisogu-ingibjargar-solrunar\/","og_site_name":"Eir\u00edkur J\u00f3nsson","article_published_time":"2026-04-26T17:48:29+00:00","article_modified_time":"2026-04-26T17:49:52+00:00","og_image":[{"width":714,"height":483,"url":"https:\/\/eirikurjonsson.is\/wp-content\/uploads\/2026\/04\/BOK.jpg","type":"image\/jpeg"}],"author":"eir","twitter_card":"summary_large_image","twitter_misc":{"Written by":"eir","Est. reading time":"1 minute"},"schema":{"@context":"https:\/\/schema.org","@graph":[{"@type":"WebPage","@id":"https:\/\/eirikurjonsson.is\/index.php\/2026\/04\/26\/audur-jons-srifar-aevisogu-ingibjargar-solrunar\/","url":"https:\/\/eirikurjonsson.is\/index.php\/2026\/04\/26\/audur-jons-srifar-aevisogu-ingibjargar-solrunar\/","name":"AU\u00d0UR J\u00d3NS SRIFAR \u00c6VIS\u00d6GU INGIBJARGAR S\u00d3LR\u00daNAR &#8211; Eir\u00edkur J\u00f3nsson","isPartOf":{"@id":"https:\/\/eirikurjonsson.is\/#website"},"datePublished":"2026-04-26T17:48:29+00:00","dateModified":"2026-04-26T17:49:52+00:00","author":{"@id":"https:\/\/eirikurjonsson.is\/#\/schema\/person\/308afa1d0e201918034e31b1da4f07a5"},"breadcrumb":{"@id":"https:\/\/eirikurjonsson.is\/index.php\/2026\/04\/26\/audur-jons-srifar-aevisogu-ingibjargar-solrunar\/#breadcrumb"},"inLanguage":"is","potentialAction":[{"@type":"ReadAction","target":["https:\/\/eirikurjonsson.is\/index.php\/2026\/04\/26\/audur-jons-srifar-aevisogu-ingibjargar-solrunar\/"]}]},{"@type":"BreadcrumbList","@id":"https:\/\/eirikurjonsson.is\/index.php\/2026\/04\/26\/audur-jons-srifar-aevisogu-ingibjargar-solrunar\/#breadcrumb","itemListElement":[{"@type":"ListItem","position":1,"name":"Home","item":"https:\/\/eirikurjonsson.is\/"},{"@type":"ListItem","position":2,"name":"AU\u00d0UR J\u00d3NS SRIFAR \u00c6VIS\u00d6GU INGIBJARGAR S\u00d3LR\u00daNAR"}]},{"@type":"WebSite","@id":"https:\/\/eirikurjonsson.is\/#website","url":"https:\/\/eirikurjonsson.is\/","name":"Eir\u00edkur J\u00f3nsson","description":"Eir\u00edkur J\u00f3nsson | EIR eirikurjonsson.is","potentialAction":[{"@type":"SearchAction","target":{"@type":"EntryPoint","urlTemplate":"https:\/\/eirikurjonsson.is\/?s={search_term_string}"},"query-input":"required name=search_term_string"}],"inLanguage":"is"},{"@type":"Person","@id":"https:\/\/eirikurjonsson.is\/#\/schema\/person\/308afa1d0e201918034e31b1da4f07a5","name":"eir","image":{"@type":"ImageObject","inLanguage":"is","@id":"https:\/\/eirikurjonsson.is\/#\/schema\/person\/image\/","url":"https:\/\/secure.gravatar.com\/avatar\/b6748316a4400053a1fa9f4694b38d294dc5da6f4bacc727742bd8f3e689f87c?s=96&d=mm&r=g","contentUrl":"https:\/\/secure.gravatar.com\/avatar\/b6748316a4400053a1fa9f4694b38d294dc5da6f4bacc727742bd8f3e689f87c?s=96&d=mm&r=g","caption":"eir"},"url":"https:\/\/eirikurjonsson.is\/index.php\/author\/eir\/"}]}},"_links":{"self":[{"href":"https:\/\/eirikurjonsson.is\/index.php\/wp-json\/wp\/v2\/posts\/11438","targetHints":{"allow":["GET"]}}],"collection":[{"href":"https:\/\/eirikurjonsson.is\/index.php\/wp-json\/wp\/v2\/posts"}],"about":[{"href":"https:\/\/eirikurjonsson.is\/index.php\/wp-json\/wp\/v2\/types\/post"}],"author":[{"embeddable":true,"href":"https:\/\/eirikurjonsson.is\/index.php\/wp-json\/wp\/v2\/users\/2"}],"replies":[{"embeddable":true,"href":"https:\/\/eirikurjonsson.is\/index.php\/wp-json\/wp\/v2\/comments?post=11438"}],"version-history":[{"count":3,"href":"https:\/\/eirikurjonsson.is\/index.php\/wp-json\/wp\/v2\/posts\/11438\/revisions"}],"predecessor-version":[{"id":11442,"href":"https:\/\/eirikurjonsson.is\/index.php\/wp-json\/wp\/v2\/posts\/11438\/revisions\/11442"}],"wp:featuredmedia":[{"embeddable":true,"href":"https:\/\/eirikurjonsson.is\/index.php\/wp-json\/wp\/v2\/media\/11439"}],"wp:attachment":[{"href":"https:\/\/eirikurjonsson.is\/index.php\/wp-json\/wp\/v2\/media?parent=11438"}],"wp:term":[{"taxonomy":"category","embeddable":true,"href":"https:\/\/eirikurjonsson.is\/index.php\/wp-json\/wp\/v2\/categories?post=11438"},{"taxonomy":"post_tag","embeddable":true,"href":"https:\/\/eirikurjonsson.is\/index.php\/wp-json\/wp\/v2\/tags?post=11438"}],"curies":[{"name":"wp","href":"https:\/\/api.w.org\/{rel}","templated":true}]}}