{"id":11431,"date":"2026-04-25T15:57:30","date_gmt":"2026-04-25T15:57:30","guid":{"rendered":"https:\/\/eirikurjonsson.is\/?p=11431"},"modified":"2026-04-25T16:05:59","modified_gmt":"2026-04-25T16:05:59","slug":"heimspekingur-selur-hus","status":"publish","type":"post","link":"https:\/\/eirikurjonsson.is\/index.php\/2026\/04\/25\/heimspekingur-selur-hus\/","title":{"rendered":"HEIMSPEKINGUR SELUR H\u00daS"},"content":{"rendered":"<p>Eyj\u00f3lfur Kjalar Emilsson heimspekipr\u00f3fesssor \u00ed Osl\u00f3 um margra \u00e1ra skei\u00f0, n\u00fa \u00e1 eftirlaunum, hefur \u00e1samt konu sinni sett gl\u00e6silega \u00edb\u00fa\u00f0 \u00e1 N\u00fdlendug\u00f6tu 6 a s\u00f6lu &#8211; mi\u00f0h\u00e6\u00f0 og ris. E\u00f0a eins og segir \u00ed augl\u00fdsingu:<\/p>\n<p><em><img loading=\"lazy\" decoding=\"async\" class=\"size-medium wp-image-11434 alignleft\" src=\"https:\/\/eirikurjonsson.is\/wp-content\/uploads\/2026\/04\/nylendu-2-300x175.jpg\" alt=\"\" width=\"300\" height=\"175\" srcset=\"https:\/\/eirikurjonsson.is\/wp-content\/uploads\/2026\/04\/nylendu-2-300x175.jpg 300w, https:\/\/eirikurjonsson.is\/wp-content\/uploads\/2026\/04\/nylendu-2-768x447.jpg 768w, https:\/\/eirikurjonsson.is\/wp-content\/uploads\/2026\/04\/nylendu-2-696x405.jpg 696w, https:\/\/eirikurjonsson.is\/wp-content\/uploads\/2026\/04\/nylendu-2.jpg 930w\" sizes=\"auto, (max-width: 300px) 100vw, 300px\" \/>&#8222;Gl\u00e6sileg, miki\u00f0 endurn\u00fdju\u00f0 eign \u00e1 fr\u00e1b\u00e6rum sta\u00f0 \u00e1 252 fm eignarl\u00f3\u00f0 vi\u00f0 N\u00fdlendug\u00f6tu. Um er a\u00f0 r\u00e6\u00f0a h\u00e6\u00f0 og ris me\u00f0 s\u00e9rinngangi \u00ed tv\u00edb\u00fdli. Miklar endurb\u00e6tur hafa veri\u00f0 unnar \u00e1 eigninni b\u00e6\u00f0i a\u00f0 innan og utan \u00e1 undanf\u00f6rnum \u00e1rum. Sta\u00f0setning eignarinnar er einst\u00f6k \u00e1 \u00feessum r\u00f3lega sta\u00f0 en \u00fe\u00f3 \u00f6rstutt \u00ed menningu, veitingasta\u00f0i, verslun, \u00fej\u00f3nustu og h\u00f6fnina. Eign me\u00f0 mikinn sjarma sem vert er a\u00f0 sko\u00f0a.&#8220; <a href=\"https:\/\/fasteignir.visir.is\/property\/1031581?utm_medium=paid&amp;utm_source=fb&amp;utm_id=120243875498870171&amp;utm_content=120243875503550171&amp;utm_term=120243875499650171&amp;utm_campaign=120243875498870171&amp;fbclid=IwY2xjawRZtoxleHRuA2FlbQEwAGFkaWQBqzEq7lB-O3NydGMGYXBwX2lkEDIyMjAzOTE3ODgyMDA4OTIAAR5ENwaLmW2E69Wm2sGsZJCujcLuxTfcIp9SRTciKTg0CZCcqAWipWLbgs3-Rg_aem_aBND2vIAtnAKMHLYuuSJfQ\">Sj\u00e1 myndir h\u00e9r.<\/a><\/em><\/p>\n<p>\u00c1sett ver\u00f0 er 92,9 millj\u00f3nir. Byggt 1925, 89,7 fermetrar, fj\u00f6gur herbergi, tv\u00f6 svefnherbergi.<\/p>\n","protected":false},"excerpt":{"rendered":"<p>Eyj\u00f3lfur Kjalar Emilsson heimspekipr\u00f3fesssor \u00ed Osl\u00f3 um margra \u00e1ra skei\u00f0, n\u00fa \u00e1 eftirlaunum, hefur \u00e1samt konu sinni sett gl\u00e6silega \u00edb\u00fa\u00f0 \u00e1 N\u00fdlendug\u00f6tu 6 a s\u00f6lu &#8211; mi\u00f0h\u00e6\u00f0 og ris. E\u00f0a eins og segir \u00ed augl\u00fdsingu: &#8222;Gl\u00e6sileg, miki\u00f0 endurn\u00fdju\u00f0 eign \u00e1 fr\u00e1b\u00e6rum sta\u00f0 \u00e1 252 fm eignarl\u00f3\u00f0 vi\u00f0 N\u00fdlendug\u00f6tu. Um er a\u00f0 r\u00e6\u00f0a h\u00e6\u00f0 og ris [&hellip;]<\/p>\n","protected":false},"author":2,"featured_media":11432,"comment_status":"open","ping_status":"open","sticky":false,"template":"","format":"standard","meta":{"_monsterinsights_skip_tracking":false,"_monsterinsights_sitenote_active":false,"_monsterinsights_sitenote_note":"","_monsterinsights_sitenote_category":0,"footnotes":""},"categories":[31],"tags":[],"class_list":{"0":"post-11431","1":"post","2":"type-post","3":"status-publish","4":"format-standard","5":"has-post-thumbnail","7":"category-greinar"},"yoast_head":"<!-- This site is optimized with the Yoast SEO plugin v22.0 - https:\/\/yoast.com\/wordpress\/plugins\/seo\/ -->\n<title>HEIMSPEKINGUR SELUR H\u00daS &#8211; Eir\u00edkur J\u00f3nsson<\/title>\n<meta name=\"robots\" content=\"index, follow, max-snippet:-1, max-image-preview:large, max-video-preview:-1\" \/>\n<link rel=\"canonical\" href=\"https:\/\/eirikurjonsson.is\/index.php\/2026\/04\/25\/heimspekingur-selur-hus\/\" \/>\n<meta property=\"og:locale\" content=\"is_IS\" \/>\n<meta property=\"og:type\" content=\"article\" \/>\n<meta property=\"og:title\" content=\"HEIMSPEKINGUR SELUR H\u00daS &#8211; Eir\u00edkur J\u00f3nsson\" \/>\n<meta property=\"og:description\" content=\"Eyj\u00f3lfur Kjalar Emilsson heimspekipr\u00f3fesssor \u00ed Osl\u00f3 um margra \u00e1ra skei\u00f0, n\u00fa \u00e1 eftirlaunum, hefur \u00e1samt konu sinni sett gl\u00e6silega \u00edb\u00fa\u00f0 \u00e1 N\u00fdlendug\u00f6tu 6 a s\u00f6lu &#8211; mi\u00f0h\u00e6\u00f0 og ris. E\u00f0a eins og segir \u00ed augl\u00fdsingu: &#8222;Gl\u00e6sileg, miki\u00f0 endurn\u00fdju\u00f0 eign \u00e1 fr\u00e1b\u00e6rum sta\u00f0 \u00e1 252 fm eignarl\u00f3\u00f0 vi\u00f0 N\u00fdlendug\u00f6tu. Um er a\u00f0 r\u00e6\u00f0a h\u00e6\u00f0 og ris [&hellip;]\" \/>\n<meta property=\"og:url\" content=\"https:\/\/eirikurjonsson.is\/index.php\/2026\/04\/25\/heimspekingur-selur-hus\/\" \/>\n<meta property=\"og:site_name\" content=\"Eir\u00edkur J\u00f3nsson\" \/>\n<meta property=\"article:published_time\" content=\"2026-04-25T15:57:30+00:00\" \/>\n<meta property=\"article:modified_time\" content=\"2026-04-25T16:05:59+00:00\" \/>\n<meta property=\"og:image\" content=\"https:\/\/eirikurjonsson.is\/wp-content\/uploads\/2026\/04\/heimspekingur.jpg\" \/>\n\t<meta property=\"og:image:width\" content=\"585\" \/>\n\t<meta property=\"og:image:height\" content=\"441\" \/>\n\t<meta property=\"og:image:type\" content=\"image\/jpeg\" \/>\n<meta name=\"author\" content=\"eir\" \/>\n<meta name=\"twitter:card\" content=\"summary_large_image\" \/>\n<meta name=\"twitter:label1\" content=\"Written by\" \/>\n\t<meta name=\"twitter:data1\" content=\"eir\" \/>\n\t<meta name=\"twitter:label2\" content=\"Est. reading time\" \/>\n\t<meta name=\"twitter:data2\" content=\"2 minutes\" \/>\n<script type=\"application\/ld+json\" class=\"yoast-schema-graph\">{\"@context\":\"https:\/\/schema.org\",\"@graph\":[{\"@type\":\"WebPage\",\"@id\":\"https:\/\/eirikurjonsson.is\/index.php\/2026\/04\/25\/heimspekingur-selur-hus\/\",\"url\":\"https:\/\/eirikurjonsson.is\/index.php\/2026\/04\/25\/heimspekingur-selur-hus\/\",\"name\":\"HEIMSPEKINGUR SELUR H\u00daS &#8211; Eir\u00edkur J\u00f3nsson\",\"isPartOf\":{\"@id\":\"https:\/\/eirikurjonsson.is\/#website\"},\"datePublished\":\"2026-04-25T15:57:30+00:00\",\"dateModified\":\"2026-04-25T16:05:59+00:00\",\"author\":{\"@id\":\"https:\/\/eirikurjonsson.is\/#\/schema\/person\/308afa1d0e201918034e31b1da4f07a5\"},\"breadcrumb\":{\"@id\":\"https:\/\/eirikurjonsson.is\/index.php\/2026\/04\/25\/heimspekingur-selur-hus\/#breadcrumb\"},\"inLanguage\":\"is\",\"potentialAction\":[{\"@type\":\"ReadAction\",\"target\":[\"https:\/\/eirikurjonsson.is\/index.php\/2026\/04\/25\/heimspekingur-selur-hus\/\"]}]},{\"@type\":\"BreadcrumbList\",\"@id\":\"https:\/\/eirikurjonsson.is\/index.php\/2026\/04\/25\/heimspekingur-selur-hus\/#breadcrumb\",\"itemListElement\":[{\"@type\":\"ListItem\",\"position\":1,\"name\":\"Home\",\"item\":\"https:\/\/eirikurjonsson.is\/\"},{\"@type\":\"ListItem\",\"position\":2,\"name\":\"HEIMSPEKINGUR SELUR H\u00daS\"}]},{\"@type\":\"WebSite\",\"@id\":\"https:\/\/eirikurjonsson.is\/#website\",\"url\":\"https:\/\/eirikurjonsson.is\/\",\"name\":\"Eir\u00edkur J\u00f3nsson\",\"description\":\"Eir\u00edkur J\u00f3nsson | EIR eirikurjonsson.is\",\"potentialAction\":[{\"@type\":\"SearchAction\",\"target\":{\"@type\":\"EntryPoint\",\"urlTemplate\":\"https:\/\/eirikurjonsson.is\/?s={search_term_string}\"},\"query-input\":\"required name=search_term_string\"}],\"inLanguage\":\"is\"},{\"@type\":\"Person\",\"@id\":\"https:\/\/eirikurjonsson.is\/#\/schema\/person\/308afa1d0e201918034e31b1da4f07a5\",\"name\":\"eir\",\"image\":{\"@type\":\"ImageObject\",\"inLanguage\":\"is\",\"@id\":\"https:\/\/eirikurjonsson.is\/#\/schema\/person\/image\/\",\"url\":\"https:\/\/secure.gravatar.com\/avatar\/b6748316a4400053a1fa9f4694b38d294dc5da6f4bacc727742bd8f3e689f87c?s=96&d=mm&r=g\",\"contentUrl\":\"https:\/\/secure.gravatar.com\/avatar\/b6748316a4400053a1fa9f4694b38d294dc5da6f4bacc727742bd8f3e689f87c?s=96&d=mm&r=g\",\"caption\":\"eir\"},\"url\":\"https:\/\/eirikurjonsson.is\/index.php\/author\/eir\/\"}]}<\/script>\n<!-- \/ Yoast SEO plugin. -->","yoast_head_json":{"title":"HEIMSPEKINGUR SELUR H\u00daS &#8211; Eir\u00edkur J\u00f3nsson","robots":{"index":"index","follow":"follow","max-snippet":"max-snippet:-1","max-image-preview":"max-image-preview:large","max-video-preview":"max-video-preview:-1"},"canonical":"https:\/\/eirikurjonsson.is\/index.php\/2026\/04\/25\/heimspekingur-selur-hus\/","og_locale":"is_IS","og_type":"article","og_title":"HEIMSPEKINGUR SELUR H\u00daS &#8211; Eir\u00edkur J\u00f3nsson","og_description":"Eyj\u00f3lfur Kjalar Emilsson heimspekipr\u00f3fesssor \u00ed Osl\u00f3 um margra \u00e1ra skei\u00f0, n\u00fa \u00e1 eftirlaunum, hefur \u00e1samt konu sinni sett gl\u00e6silega \u00edb\u00fa\u00f0 \u00e1 N\u00fdlendug\u00f6tu 6 a s\u00f6lu &#8211; mi\u00f0h\u00e6\u00f0 og ris. E\u00f0a eins og segir \u00ed augl\u00fdsingu: &#8222;Gl\u00e6sileg, miki\u00f0 endurn\u00fdju\u00f0 eign \u00e1 fr\u00e1b\u00e6rum sta\u00f0 \u00e1 252 fm eignarl\u00f3\u00f0 vi\u00f0 N\u00fdlendug\u00f6tu. Um er a\u00f0 r\u00e6\u00f0a h\u00e6\u00f0 og ris [&hellip;]","og_url":"https:\/\/eirikurjonsson.is\/index.php\/2026\/04\/25\/heimspekingur-selur-hus\/","og_site_name":"Eir\u00edkur J\u00f3nsson","article_published_time":"2026-04-25T15:57:30+00:00","article_modified_time":"2026-04-25T16:05:59+00:00","og_image":[{"width":585,"height":441,"url":"https:\/\/eirikurjonsson.is\/wp-content\/uploads\/2026\/04\/heimspekingur.jpg","type":"image\/jpeg"}],"author":"eir","twitter_card":"summary_large_image","twitter_misc":{"Written by":"eir","Est. reading time":"2 minutes"},"schema":{"@context":"https:\/\/schema.org","@graph":[{"@type":"WebPage","@id":"https:\/\/eirikurjonsson.is\/index.php\/2026\/04\/25\/heimspekingur-selur-hus\/","url":"https:\/\/eirikurjonsson.is\/index.php\/2026\/04\/25\/heimspekingur-selur-hus\/","name":"HEIMSPEKINGUR SELUR H\u00daS &#8211; Eir\u00edkur J\u00f3nsson","isPartOf":{"@id":"https:\/\/eirikurjonsson.is\/#website"},"datePublished":"2026-04-25T15:57:30+00:00","dateModified":"2026-04-25T16:05:59+00:00","author":{"@id":"https:\/\/eirikurjonsson.is\/#\/schema\/person\/308afa1d0e201918034e31b1da4f07a5"},"breadcrumb":{"@id":"https:\/\/eirikurjonsson.is\/index.php\/2026\/04\/25\/heimspekingur-selur-hus\/#breadcrumb"},"inLanguage":"is","potentialAction":[{"@type":"ReadAction","target":["https:\/\/eirikurjonsson.is\/index.php\/2026\/04\/25\/heimspekingur-selur-hus\/"]}]},{"@type":"BreadcrumbList","@id":"https:\/\/eirikurjonsson.is\/index.php\/2026\/04\/25\/heimspekingur-selur-hus\/#breadcrumb","itemListElement":[{"@type":"ListItem","position":1,"name":"Home","item":"https:\/\/eirikurjonsson.is\/"},{"@type":"ListItem","position":2,"name":"HEIMSPEKINGUR SELUR H\u00daS"}]},{"@type":"WebSite","@id":"https:\/\/eirikurjonsson.is\/#website","url":"https:\/\/eirikurjonsson.is\/","name":"Eir\u00edkur J\u00f3nsson","description":"Eir\u00edkur J\u00f3nsson | EIR eirikurjonsson.is","potentialAction":[{"@type":"SearchAction","target":{"@type":"EntryPoint","urlTemplate":"https:\/\/eirikurjonsson.is\/?s={search_term_string}"},"query-input":"required name=search_term_string"}],"inLanguage":"is"},{"@type":"Person","@id":"https:\/\/eirikurjonsson.is\/#\/schema\/person\/308afa1d0e201918034e31b1da4f07a5","name":"eir","image":{"@type":"ImageObject","inLanguage":"is","@id":"https:\/\/eirikurjonsson.is\/#\/schema\/person\/image\/","url":"https:\/\/secure.gravatar.com\/avatar\/b6748316a4400053a1fa9f4694b38d294dc5da6f4bacc727742bd8f3e689f87c?s=96&d=mm&r=g","contentUrl":"https:\/\/secure.gravatar.com\/avatar\/b6748316a4400053a1fa9f4694b38d294dc5da6f4bacc727742bd8f3e689f87c?s=96&d=mm&r=g","caption":"eir"},"url":"https:\/\/eirikurjonsson.is\/index.php\/author\/eir\/"}]}},"_links":{"self":[{"href":"https:\/\/eirikurjonsson.is\/index.php\/wp-json\/wp\/v2\/posts\/11431","targetHints":{"allow":["GET"]}}],"collection":[{"href":"https:\/\/eirikurjonsson.is\/index.php\/wp-json\/wp\/v2\/posts"}],"about":[{"href":"https:\/\/eirikurjonsson.is\/index.php\/wp-json\/wp\/v2\/types\/post"}],"author":[{"embeddable":true,"href":"https:\/\/eirikurjonsson.is\/index.php\/wp-json\/wp\/v2\/users\/2"}],"replies":[{"embeddable":true,"href":"https:\/\/eirikurjonsson.is\/index.php\/wp-json\/wp\/v2\/comments?post=11431"}],"version-history":[{"count":4,"href":"https:\/\/eirikurjonsson.is\/index.php\/wp-json\/wp\/v2\/posts\/11431\/revisions"}],"predecessor-version":[{"id":11437,"href":"https:\/\/eirikurjonsson.is\/index.php\/wp-json\/wp\/v2\/posts\/11431\/revisions\/11437"}],"wp:featuredmedia":[{"embeddable":true,"href":"https:\/\/eirikurjonsson.is\/index.php\/wp-json\/wp\/v2\/media\/11432"}],"wp:attachment":[{"href":"https:\/\/eirikurjonsson.is\/index.php\/wp-json\/wp\/v2\/media?parent=11431"}],"wp:term":[{"taxonomy":"category","embeddable":true,"href":"https:\/\/eirikurjonsson.is\/index.php\/wp-json\/wp\/v2\/categories?post=11431"},{"taxonomy":"post_tag","embeddable":true,"href":"https:\/\/eirikurjonsson.is\/index.php\/wp-json\/wp\/v2\/tags?post=11431"}],"curies":[{"name":"wp","href":"https:\/\/api.w.org\/{rel}","templated":true}]}}