{"id":11084,"date":"2026-03-31T18:56:41","date_gmt":"2026-03-31T18:56:41","guid":{"rendered":"https:\/\/eirikurjonsson.is\/?p=11084"},"modified":"2026-03-31T18:57:57","modified_gmt":"2026-03-31T18:57:57","slug":"smarikid-vid-hlid-bonus-a-granda","status":"publish","type":"post","link":"https:\/\/eirikurjonsson.is\/index.php\/2026\/03\/31\/smarikid-vid-hlid-bonus-a-granda\/","title":{"rendered":"SM\u00c1R\u00cdKI\u00d0 VI\u00d0 HLI\u00d0 B\u00d3NUS \u00c1 GRANDA"},"content":{"rendered":"<p>Sm\u00e1r\u00edki\u00f0 er a\u00f0 gera kl\u00e1rt fyrir a\u00f0 opna \u00e1 Granda, \u00e1 besta sta\u00f0 vi\u00f0 hli\u00f0ina \u00e1 B\u00f3nus. Sagt er a\u00f0 V\u00ednb\u00fa\u00f0 r\u00edkisins hafi stefnt a\u00f0 \u00fev\u00ed a\u00f0 flytja v\u00edb\u00fa\u00f0ina \u00ed Austurstr\u00e6ti \u00ed \u00feessa byggingu en \u00fearna hefur Sm\u00e1r\u00edki\u00f0 sigra\u00f0 St\u00f3rr\u00edki\u00f0 \u00ed kapphlaupinu.<\/p>\n<p>Greint var fr\u00e1 v\u00e6ntanlegri opnun Sm\u00e1r\u00edkisins \u00e1 Granda <a href=\"https:\/\/eirikurjonsson.is\/index.php\/2026\/03\/24\/smarikid-opnar-a-granda\/\">h\u00e9r<\/a> fyrir skemmstu \u00fear sem kostir sta\u00f0setningarinnar voru taldir upp &#8211; B\u00f3nus, Kr\u00f3nan, Nett\u00f3, tv\u00f6 ap\u00f3tek \u00fevottah\u00fas og b\u00edla\u00fevottast\u00f6\u00f0. \u00cd framhaldi barst p\u00f3stur fr\u00e1 lesanda sem b\u00e6tti um betur:<\/p>\n<p>&#8211;<\/p>\n<p><em>&#8222;Ekki gleyma \u00fev\u00ed a\u00f0 langst\u00e6rsta b\u00f3kab\u00fa\u00f0 landsins er \u00fati \u00e1 Granda og l\u00edka besta og vanda\u00f0asta v\u00ednyl-pl\u00f6tub\u00fa\u00f0in. \u00de\u00e1 er \u00fear a\u00f0 finna elstu rafhj\u00f3lab\u00fa\u00f0ina og vins\u00e6lasta golfherminn. Ekki m\u00e1 heldur gleyma Jysk, Pr\u00edmavera \u00ed h\u00e1deginu, Farmers market og st\u00e6rsta kjarna landsins af listamanna vinnustofum, sem margir myndu \u00e6tla har\u00f0duglegan markh\u00f3p.&#8220;<\/em><\/p>\n<p>&nbsp;<\/p>\n","protected":false},"excerpt":{"rendered":"<p>Sm\u00e1r\u00edki\u00f0 er a\u00f0 gera kl\u00e1rt fyrir a\u00f0 opna \u00e1 Granda, \u00e1 besta sta\u00f0 vi\u00f0 hli\u00f0ina \u00e1 B\u00f3nus. Sagt er a\u00f0 V\u00ednb\u00fa\u00f0 r\u00edkisins hafi stefnt a\u00f0 \u00fev\u00ed a\u00f0 flytja v\u00edb\u00fa\u00f0ina \u00ed Austurstr\u00e6ti \u00ed \u00feessa byggingu en \u00fearna hefur Sm\u00e1r\u00edki\u00f0 sigra\u00f0 St\u00f3rr\u00edki\u00f0 \u00ed kapphlaupinu. Greint var fr\u00e1 v\u00e6ntanlegri opnun Sm\u00e1r\u00edkisins \u00e1 Granda h\u00e9r fyrir skemmstu \u00fear sem [&hellip;]<\/p>\n","protected":false},"author":2,"featured_media":11085,"comment_status":"open","ping_status":"open","sticky":false,"template":"","format":"standard","meta":{"_monsterinsights_skip_tracking":false,"_monsterinsights_sitenote_active":false,"_monsterinsights_sitenote_note":"","_monsterinsights_sitenote_category":0,"footnotes":""},"categories":[31],"tags":[],"class_list":{"0":"post-11084","1":"post","2":"type-post","3":"status-publish","4":"format-standard","5":"has-post-thumbnail","7":"category-greinar"},"yoast_head":"<!-- This site is optimized with the Yoast SEO plugin v22.0 - https:\/\/yoast.com\/wordpress\/plugins\/seo\/ -->\n<title>SM\u00c1R\u00cdKI\u00d0 VI\u00d0 HLI\u00d0 B\u00d3NUS \u00c1 GRANDA &#8211; Eir\u00edkur J\u00f3nsson<\/title>\n<meta name=\"robots\" content=\"index, follow, max-snippet:-1, max-image-preview:large, max-video-preview:-1\" \/>\n<link rel=\"canonical\" href=\"https:\/\/eirikurjonsson.is\/index.php\/2026\/03\/31\/smarikid-vid-hlid-bonus-a-granda\/\" \/>\n<meta property=\"og:locale\" content=\"is_IS\" \/>\n<meta property=\"og:type\" content=\"article\" \/>\n<meta property=\"og:title\" content=\"SM\u00c1R\u00cdKI\u00d0 VI\u00d0 HLI\u00d0 B\u00d3NUS \u00c1 GRANDA &#8211; Eir\u00edkur J\u00f3nsson\" \/>\n<meta property=\"og:description\" content=\"Sm\u00e1r\u00edki\u00f0 er a\u00f0 gera kl\u00e1rt fyrir a\u00f0 opna \u00e1 Granda, \u00e1 besta sta\u00f0 vi\u00f0 hli\u00f0ina \u00e1 B\u00f3nus. Sagt er a\u00f0 V\u00ednb\u00fa\u00f0 r\u00edkisins hafi stefnt a\u00f0 \u00fev\u00ed a\u00f0 flytja v\u00edb\u00fa\u00f0ina \u00ed Austurstr\u00e6ti \u00ed \u00feessa byggingu en \u00fearna hefur Sm\u00e1r\u00edki\u00f0 sigra\u00f0 St\u00f3rr\u00edki\u00f0 \u00ed kapphlaupinu. Greint var fr\u00e1 v\u00e6ntanlegri opnun Sm\u00e1r\u00edkisins \u00e1 Granda h\u00e9r fyrir skemmstu \u00fear sem [&hellip;]\" \/>\n<meta property=\"og:url\" content=\"https:\/\/eirikurjonsson.is\/index.php\/2026\/03\/31\/smarikid-vid-hlid-bonus-a-granda\/\" \/>\n<meta property=\"og:site_name\" content=\"Eir\u00edkur J\u00f3nsson\" \/>\n<meta property=\"article:published_time\" content=\"2026-03-31T18:56:41+00:00\" \/>\n<meta property=\"article:modified_time\" content=\"2026-03-31T18:57:57+00:00\" \/>\n<meta property=\"og:image\" content=\"https:\/\/eirikurjonsson.is\/wp-content\/uploads\/2026\/03\/smarikid-granda.jpg\" \/>\n\t<meta property=\"og:image:width\" content=\"2048\" \/>\n\t<meta property=\"og:image:height\" content=\"1536\" \/>\n\t<meta property=\"og:image:type\" content=\"image\/jpeg\" \/>\n<meta name=\"author\" content=\"eir\" \/>\n<meta name=\"twitter:card\" content=\"summary_large_image\" \/>\n<meta name=\"twitter:label1\" content=\"Written by\" \/>\n\t<meta name=\"twitter:data1\" content=\"eir\" \/>\n\t<meta name=\"twitter:label2\" content=\"Est. reading time\" \/>\n\t<meta name=\"twitter:data2\" content=\"1 minute\" \/>\n<script type=\"application\/ld+json\" class=\"yoast-schema-graph\">{\"@context\":\"https:\/\/schema.org\",\"@graph\":[{\"@type\":\"WebPage\",\"@id\":\"https:\/\/eirikurjonsson.is\/index.php\/2026\/03\/31\/smarikid-vid-hlid-bonus-a-granda\/\",\"url\":\"https:\/\/eirikurjonsson.is\/index.php\/2026\/03\/31\/smarikid-vid-hlid-bonus-a-granda\/\",\"name\":\"SM\u00c1R\u00cdKI\u00d0 VI\u00d0 HLI\u00d0 B\u00d3NUS \u00c1 GRANDA &#8211; Eir\u00edkur J\u00f3nsson\",\"isPartOf\":{\"@id\":\"https:\/\/eirikurjonsson.is\/#website\"},\"datePublished\":\"2026-03-31T18:56:41+00:00\",\"dateModified\":\"2026-03-31T18:57:57+00:00\",\"author\":{\"@id\":\"https:\/\/eirikurjonsson.is\/#\/schema\/person\/308afa1d0e201918034e31b1da4f07a5\"},\"breadcrumb\":{\"@id\":\"https:\/\/eirikurjonsson.is\/index.php\/2026\/03\/31\/smarikid-vid-hlid-bonus-a-granda\/#breadcrumb\"},\"inLanguage\":\"is\",\"potentialAction\":[{\"@type\":\"ReadAction\",\"target\":[\"https:\/\/eirikurjonsson.is\/index.php\/2026\/03\/31\/smarikid-vid-hlid-bonus-a-granda\/\"]}]},{\"@type\":\"BreadcrumbList\",\"@id\":\"https:\/\/eirikurjonsson.is\/index.php\/2026\/03\/31\/smarikid-vid-hlid-bonus-a-granda\/#breadcrumb\",\"itemListElement\":[{\"@type\":\"ListItem\",\"position\":1,\"name\":\"Home\",\"item\":\"https:\/\/eirikurjonsson.is\/\"},{\"@type\":\"ListItem\",\"position\":2,\"name\":\"SM\u00c1R\u00cdKI\u00d0 VI\u00d0 HLI\u00d0 B\u00d3NUS \u00c1 GRANDA\"}]},{\"@type\":\"WebSite\",\"@id\":\"https:\/\/eirikurjonsson.is\/#website\",\"url\":\"https:\/\/eirikurjonsson.is\/\",\"name\":\"Eir\u00edkur J\u00f3nsson\",\"description\":\"Eir\u00edkur J\u00f3nsson | EIR eirikurjonsson.is\",\"potentialAction\":[{\"@type\":\"SearchAction\",\"target\":{\"@type\":\"EntryPoint\",\"urlTemplate\":\"https:\/\/eirikurjonsson.is\/?s={search_term_string}\"},\"query-input\":\"required name=search_term_string\"}],\"inLanguage\":\"is\"},{\"@type\":\"Person\",\"@id\":\"https:\/\/eirikurjonsson.is\/#\/schema\/person\/308afa1d0e201918034e31b1da4f07a5\",\"name\":\"eir\",\"image\":{\"@type\":\"ImageObject\",\"inLanguage\":\"is\",\"@id\":\"https:\/\/eirikurjonsson.is\/#\/schema\/person\/image\/\",\"url\":\"https:\/\/secure.gravatar.com\/avatar\/b6748316a4400053a1fa9f4694b38d294dc5da6f4bacc727742bd8f3e689f87c?s=96&d=mm&r=g\",\"contentUrl\":\"https:\/\/secure.gravatar.com\/avatar\/b6748316a4400053a1fa9f4694b38d294dc5da6f4bacc727742bd8f3e689f87c?s=96&d=mm&r=g\",\"caption\":\"eir\"},\"url\":\"https:\/\/eirikurjonsson.is\/index.php\/author\/eir\/\"}]}<\/script>\n<!-- \/ Yoast SEO plugin. -->","yoast_head_json":{"title":"SM\u00c1R\u00cdKI\u00d0 VI\u00d0 HLI\u00d0 B\u00d3NUS \u00c1 GRANDA &#8211; Eir\u00edkur J\u00f3nsson","robots":{"index":"index","follow":"follow","max-snippet":"max-snippet:-1","max-image-preview":"max-image-preview:large","max-video-preview":"max-video-preview:-1"},"canonical":"https:\/\/eirikurjonsson.is\/index.php\/2026\/03\/31\/smarikid-vid-hlid-bonus-a-granda\/","og_locale":"is_IS","og_type":"article","og_title":"SM\u00c1R\u00cdKI\u00d0 VI\u00d0 HLI\u00d0 B\u00d3NUS \u00c1 GRANDA &#8211; Eir\u00edkur J\u00f3nsson","og_description":"Sm\u00e1r\u00edki\u00f0 er a\u00f0 gera kl\u00e1rt fyrir a\u00f0 opna \u00e1 Granda, \u00e1 besta sta\u00f0 vi\u00f0 hli\u00f0ina \u00e1 B\u00f3nus. Sagt er a\u00f0 V\u00ednb\u00fa\u00f0 r\u00edkisins hafi stefnt a\u00f0 \u00fev\u00ed a\u00f0 flytja v\u00edb\u00fa\u00f0ina \u00ed Austurstr\u00e6ti \u00ed \u00feessa byggingu en \u00fearna hefur Sm\u00e1r\u00edki\u00f0 sigra\u00f0 St\u00f3rr\u00edki\u00f0 \u00ed kapphlaupinu. Greint var fr\u00e1 v\u00e6ntanlegri opnun Sm\u00e1r\u00edkisins \u00e1 Granda h\u00e9r fyrir skemmstu \u00fear sem [&hellip;]","og_url":"https:\/\/eirikurjonsson.is\/index.php\/2026\/03\/31\/smarikid-vid-hlid-bonus-a-granda\/","og_site_name":"Eir\u00edkur J\u00f3nsson","article_published_time":"2026-03-31T18:56:41+00:00","article_modified_time":"2026-03-31T18:57:57+00:00","og_image":[{"width":2048,"height":1536,"url":"https:\/\/eirikurjonsson.is\/wp-content\/uploads\/2026\/03\/smarikid-granda.jpg","type":"image\/jpeg"}],"author":"eir","twitter_card":"summary_large_image","twitter_misc":{"Written by":"eir","Est. reading time":"1 minute"},"schema":{"@context":"https:\/\/schema.org","@graph":[{"@type":"WebPage","@id":"https:\/\/eirikurjonsson.is\/index.php\/2026\/03\/31\/smarikid-vid-hlid-bonus-a-granda\/","url":"https:\/\/eirikurjonsson.is\/index.php\/2026\/03\/31\/smarikid-vid-hlid-bonus-a-granda\/","name":"SM\u00c1R\u00cdKI\u00d0 VI\u00d0 HLI\u00d0 B\u00d3NUS \u00c1 GRANDA &#8211; Eir\u00edkur J\u00f3nsson","isPartOf":{"@id":"https:\/\/eirikurjonsson.is\/#website"},"datePublished":"2026-03-31T18:56:41+00:00","dateModified":"2026-03-31T18:57:57+00:00","author":{"@id":"https:\/\/eirikurjonsson.is\/#\/schema\/person\/308afa1d0e201918034e31b1da4f07a5"},"breadcrumb":{"@id":"https:\/\/eirikurjonsson.is\/index.php\/2026\/03\/31\/smarikid-vid-hlid-bonus-a-granda\/#breadcrumb"},"inLanguage":"is","potentialAction":[{"@type":"ReadAction","target":["https:\/\/eirikurjonsson.is\/index.php\/2026\/03\/31\/smarikid-vid-hlid-bonus-a-granda\/"]}]},{"@type":"BreadcrumbList","@id":"https:\/\/eirikurjonsson.is\/index.php\/2026\/03\/31\/smarikid-vid-hlid-bonus-a-granda\/#breadcrumb","itemListElement":[{"@type":"ListItem","position":1,"name":"Home","item":"https:\/\/eirikurjonsson.is\/"},{"@type":"ListItem","position":2,"name":"SM\u00c1R\u00cdKI\u00d0 VI\u00d0 HLI\u00d0 B\u00d3NUS \u00c1 GRANDA"}]},{"@type":"WebSite","@id":"https:\/\/eirikurjonsson.is\/#website","url":"https:\/\/eirikurjonsson.is\/","name":"Eir\u00edkur J\u00f3nsson","description":"Eir\u00edkur J\u00f3nsson | EIR eirikurjonsson.is","potentialAction":[{"@type":"SearchAction","target":{"@type":"EntryPoint","urlTemplate":"https:\/\/eirikurjonsson.is\/?s={search_term_string}"},"query-input":"required name=search_term_string"}],"inLanguage":"is"},{"@type":"Person","@id":"https:\/\/eirikurjonsson.is\/#\/schema\/person\/308afa1d0e201918034e31b1da4f07a5","name":"eir","image":{"@type":"ImageObject","inLanguage":"is","@id":"https:\/\/eirikurjonsson.is\/#\/schema\/person\/image\/","url":"https:\/\/secure.gravatar.com\/avatar\/b6748316a4400053a1fa9f4694b38d294dc5da6f4bacc727742bd8f3e689f87c?s=96&d=mm&r=g","contentUrl":"https:\/\/secure.gravatar.com\/avatar\/b6748316a4400053a1fa9f4694b38d294dc5da6f4bacc727742bd8f3e689f87c?s=96&d=mm&r=g","caption":"eir"},"url":"https:\/\/eirikurjonsson.is\/index.php\/author\/eir\/"}]}},"_links":{"self":[{"href":"https:\/\/eirikurjonsson.is\/index.php\/wp-json\/wp\/v2\/posts\/11084","targetHints":{"allow":["GET"]}}],"collection":[{"href":"https:\/\/eirikurjonsson.is\/index.php\/wp-json\/wp\/v2\/posts"}],"about":[{"href":"https:\/\/eirikurjonsson.is\/index.php\/wp-json\/wp\/v2\/types\/post"}],"author":[{"embeddable":true,"href":"https:\/\/eirikurjonsson.is\/index.php\/wp-json\/wp\/v2\/users\/2"}],"replies":[{"embeddable":true,"href":"https:\/\/eirikurjonsson.is\/index.php\/wp-json\/wp\/v2\/comments?post=11084"}],"version-history":[{"count":2,"href":"https:\/\/eirikurjonsson.is\/index.php\/wp-json\/wp\/v2\/posts\/11084\/revisions"}],"predecessor-version":[{"id":11087,"href":"https:\/\/eirikurjonsson.is\/index.php\/wp-json\/wp\/v2\/posts\/11084\/revisions\/11087"}],"wp:featuredmedia":[{"embeddable":true,"href":"https:\/\/eirikurjonsson.is\/index.php\/wp-json\/wp\/v2\/media\/11085"}],"wp:attachment":[{"href":"https:\/\/eirikurjonsson.is\/index.php\/wp-json\/wp\/v2\/media?parent=11084"}],"wp:term":[{"taxonomy":"category","embeddable":true,"href":"https:\/\/eirikurjonsson.is\/index.php\/wp-json\/wp\/v2\/categories?post=11084"},{"taxonomy":"post_tag","embeddable":true,"href":"https:\/\/eirikurjonsson.is\/index.php\/wp-json\/wp\/v2\/tags?post=11084"}],"curies":[{"name":"wp","href":"https:\/\/api.w.org\/{rel}","templated":true}]}}