{"id":11063,"date":"2026-03-28T16:29:49","date_gmt":"2026-03-28T16:29:49","guid":{"rendered":"https:\/\/eirikurjonsson.is\/?p=11063"},"modified":"2026-03-28T16:36:27","modified_gmt":"2026-03-28T16:36:27","slug":"kona-i-rondottum-sundbol-hvenaer-fara-einhleypir-menn-i-sund","status":"publish","type":"post","link":"https:\/\/eirikurjonsson.is\/index.php\/2026\/03\/28\/kona-i-rondottum-sundbol-hvenaer-fara-einhleypir-menn-i-sund\/","title":{"rendered":"KONA \u00cd R\u00d6ND\u00d3TTUM SUNDBOL &#8211; HVEN\u00c6R FARA EINHLEYPIR MENN \u00cd SUND?"},"content":{"rendered":"<p>R\u00famlega fertug kona, n\u00fdflutt aftur \u00ed vesturb\u00e6inn, birtir f\u00e6rslu \u00e1 Vesturb\u00e6jarvefnum undir dulnefni og tekur fram a\u00f0 vonandi s\u00e9 eftirfrandi ekki \u00f3vi\u00f0eigandi:<\/p>\n<p><em>&#8222;Nenni ekki miki\u00f0 \u00fat \u00e1 l\u00edfi\u00f0 e\u00f0a skr\u00e1 mig \u00e1 \u00f6pp en hvar er heppilegast a\u00f0 kynnast f\u00f3lki af hinu kyninu? F\u00e9kk me\u00f0m\u00e6li me\u00f0 Melab\u00fa\u00f0inni \u00e1 matm\u00e1lst\u00edma, r\u00e1\u00f0 fr\u00e1 vinkonu m\u00f6mmu, en held a\u00f0 allir s\u00e9u bara almennt mj\u00f6g tjatt\u00fd \u00fear og veit ekkert hvort \u00fea\u00f0 s\u00e9 eitthva\u00f0 \u00e1 bakvi\u00f0 \u00fea\u00f0. Hven\u00e6r fara einhleypir menn \u00ed sund? Er einhver svolei\u00f0is stemmning \u00ed pottunum e\u00f0a s\u00e1nunni? Kv. konan \u00ed r\u00f6nd\u00f3tta sundbolunum \u00ed Vesturb\u00e6jarlauginni.&#8220;<\/em><\/p>\n","protected":false},"excerpt":{"rendered":"<p>R\u00famlega fertug kona, n\u00fdflutt aftur \u00ed vesturb\u00e6inn, birtir f\u00e6rslu \u00e1 Vesturb\u00e6jarvefnum undir dulnefni og tekur fram a\u00f0 vonandi s\u00e9 eftirfrandi ekki \u00f3vi\u00f0eigandi: &#8222;Nenni ekki miki\u00f0 \u00fat \u00e1 l\u00edfi\u00f0 e\u00f0a skr\u00e1 mig \u00e1 \u00f6pp en hvar er heppilegast a\u00f0 kynnast f\u00f3lki af hinu kyninu? F\u00e9kk me\u00f0m\u00e6li me\u00f0 Melab\u00fa\u00f0inni \u00e1 matm\u00e1lst\u00edma, r\u00e1\u00f0 fr\u00e1 vinkonu m\u00f6mmu, en held [&hellip;]<\/p>\n","protected":false},"author":2,"featured_media":11066,"comment_status":"open","ping_status":"open","sticky":false,"template":"","format":"standard","meta":{"_monsterinsights_skip_tracking":false,"_monsterinsights_sitenote_active":false,"_monsterinsights_sitenote_note":"","_monsterinsights_sitenote_category":0,"footnotes":""},"categories":[31],"tags":[],"class_list":{"0":"post-11063","1":"post","2":"type-post","3":"status-publish","4":"format-standard","5":"has-post-thumbnail","7":"category-greinar"},"yoast_head":"<!-- This site is optimized with the Yoast SEO plugin v22.0 - https:\/\/yoast.com\/wordpress\/plugins\/seo\/ -->\n<title>KONA \u00cd R\u00d6ND\u00d3TTUM SUNDBOL - HVEN\u00c6R FARA EINHLEYPIR MENN \u00cd SUND? &#8211; Eir\u00edkur J\u00f3nsson<\/title>\n<meta name=\"robots\" content=\"index, follow, max-snippet:-1, max-image-preview:large, max-video-preview:-1\" \/>\n<link rel=\"canonical\" href=\"https:\/\/eirikurjonsson.is\/index.php\/2026\/03\/28\/kona-i-rondottum-sundbol-hvenaer-fara-einhleypir-menn-i-sund\/\" \/>\n<meta property=\"og:locale\" content=\"is_IS\" \/>\n<meta property=\"og:type\" content=\"article\" \/>\n<meta property=\"og:title\" content=\"KONA \u00cd R\u00d6ND\u00d3TTUM SUNDBOL - HVEN\u00c6R FARA EINHLEYPIR MENN \u00cd SUND? &#8211; Eir\u00edkur J\u00f3nsson\" \/>\n<meta property=\"og:description\" content=\"R\u00famlega fertug kona, n\u00fdflutt aftur \u00ed vesturb\u00e6inn, birtir f\u00e6rslu \u00e1 Vesturb\u00e6jarvefnum undir dulnefni og tekur fram a\u00f0 vonandi s\u00e9 eftirfrandi ekki \u00f3vi\u00f0eigandi: &#8222;Nenni ekki miki\u00f0 \u00fat \u00e1 l\u00edfi\u00f0 e\u00f0a skr\u00e1 mig \u00e1 \u00f6pp en hvar er heppilegast a\u00f0 kynnast f\u00f3lki af hinu kyninu? F\u00e9kk me\u00f0m\u00e6li me\u00f0 Melab\u00fa\u00f0inni \u00e1 matm\u00e1lst\u00edma, r\u00e1\u00f0 fr\u00e1 vinkonu m\u00f6mmu, en held [&hellip;]\" \/>\n<meta property=\"og:url\" content=\"https:\/\/eirikurjonsson.is\/index.php\/2026\/03\/28\/kona-i-rondottum-sundbol-hvenaer-fara-einhleypir-menn-i-sund\/\" \/>\n<meta property=\"og:site_name\" content=\"Eir\u00edkur J\u00f3nsson\" \/>\n<meta property=\"article:published_time\" content=\"2026-03-28T16:29:49+00:00\" \/>\n<meta property=\"article:modified_time\" content=\"2026-03-28T16:36:27+00:00\" \/>\n<meta property=\"og:image\" content=\"https:\/\/eirikurjonsson.is\/wp-content\/uploads\/2026\/03\/rondott-1.jpg\" \/>\n\t<meta property=\"og:image:width\" content=\"590\" \/>\n\t<meta property=\"og:image:height\" content=\"383\" \/>\n\t<meta property=\"og:image:type\" content=\"image\/jpeg\" \/>\n<meta name=\"author\" content=\"eir\" \/>\n<meta name=\"twitter:card\" content=\"summary_large_image\" \/>\n<meta name=\"twitter:label1\" content=\"Written by\" \/>\n\t<meta name=\"twitter:data1\" content=\"eir\" \/>\n\t<meta name=\"twitter:label2\" content=\"Est. reading time\" \/>\n\t<meta name=\"twitter:data2\" content=\"1 minute\" \/>\n<script type=\"application\/ld+json\" class=\"yoast-schema-graph\">{\"@context\":\"https:\/\/schema.org\",\"@graph\":[{\"@type\":\"WebPage\",\"@id\":\"https:\/\/eirikurjonsson.is\/index.php\/2026\/03\/28\/kona-i-rondottum-sundbol-hvenaer-fara-einhleypir-menn-i-sund\/\",\"url\":\"https:\/\/eirikurjonsson.is\/index.php\/2026\/03\/28\/kona-i-rondottum-sundbol-hvenaer-fara-einhleypir-menn-i-sund\/\",\"name\":\"KONA \u00cd R\u00d6ND\u00d3TTUM SUNDBOL - HVEN\u00c6R FARA EINHLEYPIR MENN \u00cd SUND? &#8211; Eir\u00edkur J\u00f3nsson\",\"isPartOf\":{\"@id\":\"https:\/\/eirikurjonsson.is\/#website\"},\"datePublished\":\"2026-03-28T16:29:49+00:00\",\"dateModified\":\"2026-03-28T16:36:27+00:00\",\"author\":{\"@id\":\"https:\/\/eirikurjonsson.is\/#\/schema\/person\/308afa1d0e201918034e31b1da4f07a5\"},\"breadcrumb\":{\"@id\":\"https:\/\/eirikurjonsson.is\/index.php\/2026\/03\/28\/kona-i-rondottum-sundbol-hvenaer-fara-einhleypir-menn-i-sund\/#breadcrumb\"},\"inLanguage\":\"is\",\"potentialAction\":[{\"@type\":\"ReadAction\",\"target\":[\"https:\/\/eirikurjonsson.is\/index.php\/2026\/03\/28\/kona-i-rondottum-sundbol-hvenaer-fara-einhleypir-menn-i-sund\/\"]}]},{\"@type\":\"BreadcrumbList\",\"@id\":\"https:\/\/eirikurjonsson.is\/index.php\/2026\/03\/28\/kona-i-rondottum-sundbol-hvenaer-fara-einhleypir-menn-i-sund\/#breadcrumb\",\"itemListElement\":[{\"@type\":\"ListItem\",\"position\":1,\"name\":\"Home\",\"item\":\"https:\/\/eirikurjonsson.is\/\"},{\"@type\":\"ListItem\",\"position\":2,\"name\":\"KONA \u00cd R\u00d6ND\u00d3TTUM SUNDBOL &#8211; HVEN\u00c6R FARA EINHLEYPIR MENN \u00cd SUND?\"}]},{\"@type\":\"WebSite\",\"@id\":\"https:\/\/eirikurjonsson.is\/#website\",\"url\":\"https:\/\/eirikurjonsson.is\/\",\"name\":\"Eir\u00edkur J\u00f3nsson\",\"description\":\"Eir\u00edkur J\u00f3nsson | EIR eirikurjonsson.is\",\"potentialAction\":[{\"@type\":\"SearchAction\",\"target\":{\"@type\":\"EntryPoint\",\"urlTemplate\":\"https:\/\/eirikurjonsson.is\/?s={search_term_string}\"},\"query-input\":\"required name=search_term_string\"}],\"inLanguage\":\"is\"},{\"@type\":\"Person\",\"@id\":\"https:\/\/eirikurjonsson.is\/#\/schema\/person\/308afa1d0e201918034e31b1da4f07a5\",\"name\":\"eir\",\"image\":{\"@type\":\"ImageObject\",\"inLanguage\":\"is\",\"@id\":\"https:\/\/eirikurjonsson.is\/#\/schema\/person\/image\/\",\"url\":\"https:\/\/secure.gravatar.com\/avatar\/b6748316a4400053a1fa9f4694b38d294dc5da6f4bacc727742bd8f3e689f87c?s=96&d=mm&r=g\",\"contentUrl\":\"https:\/\/secure.gravatar.com\/avatar\/b6748316a4400053a1fa9f4694b38d294dc5da6f4bacc727742bd8f3e689f87c?s=96&d=mm&r=g\",\"caption\":\"eir\"},\"url\":\"https:\/\/eirikurjonsson.is\/index.php\/author\/eir\/\"}]}<\/script>\n<!-- \/ Yoast SEO plugin. -->","yoast_head_json":{"title":"KONA \u00cd R\u00d6ND\u00d3TTUM SUNDBOL - HVEN\u00c6R FARA EINHLEYPIR MENN \u00cd SUND? &#8211; Eir\u00edkur J\u00f3nsson","robots":{"index":"index","follow":"follow","max-snippet":"max-snippet:-1","max-image-preview":"max-image-preview:large","max-video-preview":"max-video-preview:-1"},"canonical":"https:\/\/eirikurjonsson.is\/index.php\/2026\/03\/28\/kona-i-rondottum-sundbol-hvenaer-fara-einhleypir-menn-i-sund\/","og_locale":"is_IS","og_type":"article","og_title":"KONA \u00cd R\u00d6ND\u00d3TTUM SUNDBOL - HVEN\u00c6R FARA EINHLEYPIR MENN \u00cd SUND? &#8211; Eir\u00edkur J\u00f3nsson","og_description":"R\u00famlega fertug kona, n\u00fdflutt aftur \u00ed vesturb\u00e6inn, birtir f\u00e6rslu \u00e1 Vesturb\u00e6jarvefnum undir dulnefni og tekur fram a\u00f0 vonandi s\u00e9 eftirfrandi ekki \u00f3vi\u00f0eigandi: &#8222;Nenni ekki miki\u00f0 \u00fat \u00e1 l\u00edfi\u00f0 e\u00f0a skr\u00e1 mig \u00e1 \u00f6pp en hvar er heppilegast a\u00f0 kynnast f\u00f3lki af hinu kyninu? F\u00e9kk me\u00f0m\u00e6li me\u00f0 Melab\u00fa\u00f0inni \u00e1 matm\u00e1lst\u00edma, r\u00e1\u00f0 fr\u00e1 vinkonu m\u00f6mmu, en held [&hellip;]","og_url":"https:\/\/eirikurjonsson.is\/index.php\/2026\/03\/28\/kona-i-rondottum-sundbol-hvenaer-fara-einhleypir-menn-i-sund\/","og_site_name":"Eir\u00edkur J\u00f3nsson","article_published_time":"2026-03-28T16:29:49+00:00","article_modified_time":"2026-03-28T16:36:27+00:00","og_image":[{"width":590,"height":383,"url":"https:\/\/eirikurjonsson.is\/wp-content\/uploads\/2026\/03\/rondott-1.jpg","type":"image\/jpeg"}],"author":"eir","twitter_card":"summary_large_image","twitter_misc":{"Written by":"eir","Est. reading time":"1 minute"},"schema":{"@context":"https:\/\/schema.org","@graph":[{"@type":"WebPage","@id":"https:\/\/eirikurjonsson.is\/index.php\/2026\/03\/28\/kona-i-rondottum-sundbol-hvenaer-fara-einhleypir-menn-i-sund\/","url":"https:\/\/eirikurjonsson.is\/index.php\/2026\/03\/28\/kona-i-rondottum-sundbol-hvenaer-fara-einhleypir-menn-i-sund\/","name":"KONA \u00cd R\u00d6ND\u00d3TTUM SUNDBOL - HVEN\u00c6R FARA EINHLEYPIR MENN \u00cd SUND? &#8211; Eir\u00edkur J\u00f3nsson","isPartOf":{"@id":"https:\/\/eirikurjonsson.is\/#website"},"datePublished":"2026-03-28T16:29:49+00:00","dateModified":"2026-03-28T16:36:27+00:00","author":{"@id":"https:\/\/eirikurjonsson.is\/#\/schema\/person\/308afa1d0e201918034e31b1da4f07a5"},"breadcrumb":{"@id":"https:\/\/eirikurjonsson.is\/index.php\/2026\/03\/28\/kona-i-rondottum-sundbol-hvenaer-fara-einhleypir-menn-i-sund\/#breadcrumb"},"inLanguage":"is","potentialAction":[{"@type":"ReadAction","target":["https:\/\/eirikurjonsson.is\/index.php\/2026\/03\/28\/kona-i-rondottum-sundbol-hvenaer-fara-einhleypir-menn-i-sund\/"]}]},{"@type":"BreadcrumbList","@id":"https:\/\/eirikurjonsson.is\/index.php\/2026\/03\/28\/kona-i-rondottum-sundbol-hvenaer-fara-einhleypir-menn-i-sund\/#breadcrumb","itemListElement":[{"@type":"ListItem","position":1,"name":"Home","item":"https:\/\/eirikurjonsson.is\/"},{"@type":"ListItem","position":2,"name":"KONA \u00cd R\u00d6ND\u00d3TTUM SUNDBOL &#8211; HVEN\u00c6R FARA EINHLEYPIR MENN \u00cd SUND?"}]},{"@type":"WebSite","@id":"https:\/\/eirikurjonsson.is\/#website","url":"https:\/\/eirikurjonsson.is\/","name":"Eir\u00edkur J\u00f3nsson","description":"Eir\u00edkur J\u00f3nsson | EIR eirikurjonsson.is","potentialAction":[{"@type":"SearchAction","target":{"@type":"EntryPoint","urlTemplate":"https:\/\/eirikurjonsson.is\/?s={search_term_string}"},"query-input":"required name=search_term_string"}],"inLanguage":"is"},{"@type":"Person","@id":"https:\/\/eirikurjonsson.is\/#\/schema\/person\/308afa1d0e201918034e31b1da4f07a5","name":"eir","image":{"@type":"ImageObject","inLanguage":"is","@id":"https:\/\/eirikurjonsson.is\/#\/schema\/person\/image\/","url":"https:\/\/secure.gravatar.com\/avatar\/b6748316a4400053a1fa9f4694b38d294dc5da6f4bacc727742bd8f3e689f87c?s=96&d=mm&r=g","contentUrl":"https:\/\/secure.gravatar.com\/avatar\/b6748316a4400053a1fa9f4694b38d294dc5da6f4bacc727742bd8f3e689f87c?s=96&d=mm&r=g","caption":"eir"},"url":"https:\/\/eirikurjonsson.is\/index.php\/author\/eir\/"}]}},"_links":{"self":[{"href":"https:\/\/eirikurjonsson.is\/index.php\/wp-json\/wp\/v2\/posts\/11063","targetHints":{"allow":["GET"]}}],"collection":[{"href":"https:\/\/eirikurjonsson.is\/index.php\/wp-json\/wp\/v2\/posts"}],"about":[{"href":"https:\/\/eirikurjonsson.is\/index.php\/wp-json\/wp\/v2\/types\/post"}],"author":[{"embeddable":true,"href":"https:\/\/eirikurjonsson.is\/index.php\/wp-json\/wp\/v2\/users\/2"}],"replies":[{"embeddable":true,"href":"https:\/\/eirikurjonsson.is\/index.php\/wp-json\/wp\/v2\/comments?post=11063"}],"version-history":[{"count":1,"href":"https:\/\/eirikurjonsson.is\/index.php\/wp-json\/wp\/v2\/posts\/11063\/revisions"}],"predecessor-version":[{"id":11065,"href":"https:\/\/eirikurjonsson.is\/index.php\/wp-json\/wp\/v2\/posts\/11063\/revisions\/11065"}],"wp:featuredmedia":[{"embeddable":true,"href":"https:\/\/eirikurjonsson.is\/index.php\/wp-json\/wp\/v2\/media\/11066"}],"wp:attachment":[{"href":"https:\/\/eirikurjonsson.is\/index.php\/wp-json\/wp\/v2\/media?parent=11063"}],"wp:term":[{"taxonomy":"category","embeddable":true,"href":"https:\/\/eirikurjonsson.is\/index.php\/wp-json\/wp\/v2\/categories?post=11063"},{"taxonomy":"post_tag","embeddable":true,"href":"https:\/\/eirikurjonsson.is\/index.php\/wp-json\/wp\/v2\/tags?post=11063"}],"curies":[{"name":"wp","href":"https:\/\/api.w.org\/{rel}","templated":true}]}}