{"id":10841,"date":"2026-03-12T13:29:30","date_gmt":"2026-03-12T13:29:30","guid":{"rendered":"https:\/\/eirikurjonsson.is\/?p=10841"},"modified":"2026-03-12T13:29:30","modified_gmt":"2026-03-12T13:29:30","slug":"matjurtagardar-til-leigu","status":"publish","type":"post","link":"https:\/\/eirikurjonsson.is\/index.php\/2026\/03\/12\/matjurtagardar-til-leigu\/","title":{"rendered":"MATJURTAGAR\u00d0AR TIL LEIGU"},"content":{"rendered":"<p>Opna\u00f0\u00a0ver\u00f0ur fyrir ums\u00f3knir Reykv\u00edkinga um matjurtagar\u00f0a \u00ed borginni\u00a0\u00e1 h\u00e1degi m\u00e1nudaginn\u00a016. mars. Um 600 matjurtagar\u00f0ar eru\u00a0leig\u00f0ir \u00fat \u00e1 vegum borgarinnar, \u00fear af eru t\u00e6plega 200 \u00ed Skammadal. Matjurtagar\u00f0arnir eru \u00ed bo\u00f0i \u00ed Vesturb\u00e6, Fossvogi, Me\u00f0alholti, Laugardal, \u00c1rb\u00e6, Grafarvogi og Kjalarnesi vi\u00f0 F\u00f3lkvang. Matjurtagar\u00f0arnir\u00a0ver\u00f0a opna\u00f0ir 1. ma\u00ed. S\u00f3tt er um \u00ed gegnum \u201eM\u00ednar s\u00ed\u00f0ur\u201c \u00e1 vef Reykjav\u00edkurborgar.<\/p>\n<div>\n<div class=\"paragraph-type-text section-0\">\n<div id=\"section-3219012\">\n<p>Gar\u00f0arnir ver\u00f0a merktir. Vatn er a\u00f0gengilegt \u00e1 \u00f6llum sv\u00e6\u00f0um. Gar\u00f0\u00e1h\u00f6ld, pl\u00f6ntur og \u00fats\u00e6\u00f0i fylgja ekki me\u00f0 g\u00f6r\u00f0unum.\u00a0Fyrir byrjendur m\u00e1 geta \u00feess a\u00f0 algengast er a\u00f0 f\u00f3lk r\u00e6kti kart\u00f6flur og alls konar k\u00e1l og r\u00f3fur. Einnig er gott a\u00f0 hafa \u00ed huga a\u00f0 h\u00e6gt er a\u00f0 n\u00e1lgast forr\u00e6kta\u00f0 gr\u00e6nmeti \u00ed allflestum gr\u00f3\u00f0rast\u00f6\u00f0vum.<\/p>\n<p>Leigugj\u00f6ld \u00e1rsins 2026 eru 7.760 kr. fyrir gar\u00f0land \u00ed Skammadal (um 100 fermetrar) og 6.420 kr. fyrir gar\u00f0 (um 20 fermetrar). Kassar \u00ed Grafarvogi, \u00c1rb\u00e6, Fossvogi, Me\u00f0alholti og Kjalarnesi ver\u00f0a \u00e1 kr. 5.180 kr. kassinn (8 fermetrar).<\/p>\n<p>\u00cd Me\u00f0alholti, sem er n\u00fd sta\u00f0setning, eru \u00ferett\u00e1n kassar, \u00fear af eru fj\u00f3rir a\u00f0gengilegir matjurtakassar hentugir f\u00f3lki sem notar hj\u00f3last\u00f3la,\u00a0g\u00f6ngugrindur e\u00f0a eiga erfitt me\u00f0 a\u00f0 vinna \u00e1 hnj\u00e1num.<\/p>\n<\/div>\n<\/div>\n<\/div>\n","protected":false},"excerpt":{"rendered":"<p>Opna\u00f0\u00a0ver\u00f0ur fyrir ums\u00f3knir Reykv\u00edkinga um matjurtagar\u00f0a \u00ed borginni\u00a0\u00e1 h\u00e1degi m\u00e1nudaginn\u00a016. mars. Um 600 matjurtagar\u00f0ar eru\u00a0leig\u00f0ir \u00fat \u00e1 vegum borgarinnar, \u00fear af eru t\u00e6plega 200 \u00ed Skammadal. Matjurtagar\u00f0arnir eru \u00ed bo\u00f0i \u00ed Vesturb\u00e6, Fossvogi, Me\u00f0alholti, Laugardal, \u00c1rb\u00e6, Grafarvogi og Kjalarnesi vi\u00f0 F\u00f3lkvang. Matjurtagar\u00f0arnir\u00a0ver\u00f0a opna\u00f0ir 1. ma\u00ed. S\u00f3tt er um \u00ed gegnum \u201eM\u00ednar s\u00ed\u00f0ur\u201c \u00e1 vef Reykjav\u00edkurborgar. [&hellip;]<\/p>\n","protected":false},"author":2,"featured_media":10842,"comment_status":"open","ping_status":"open","sticky":false,"template":"","format":"standard","meta":{"_monsterinsights_skip_tracking":false,"_monsterinsights_sitenote_active":false,"_monsterinsights_sitenote_note":"","_monsterinsights_sitenote_category":0,"footnotes":""},"categories":[30],"tags":[],"class_list":{"0":"post-10841","1":"post","2":"type-post","3":"status-publish","4":"format-standard","5":"has-post-thumbnail","7":"category-sagt-er"},"yoast_head":"<!-- This site is optimized with the Yoast SEO plugin v22.0 - https:\/\/yoast.com\/wordpress\/plugins\/seo\/ -->\n<title>MATJURTAGAR\u00d0AR TIL LEIGU &#8211; Eir\u00edkur J\u00f3nsson<\/title>\n<meta name=\"robots\" content=\"index, follow, max-snippet:-1, max-image-preview:large, max-video-preview:-1\" \/>\n<link rel=\"canonical\" href=\"https:\/\/eirikurjonsson.is\/index.php\/2026\/03\/12\/matjurtagardar-til-leigu\/\" \/>\n<meta property=\"og:locale\" content=\"is_IS\" \/>\n<meta property=\"og:type\" content=\"article\" \/>\n<meta property=\"og:title\" content=\"MATJURTAGAR\u00d0AR TIL LEIGU &#8211; Eir\u00edkur J\u00f3nsson\" \/>\n<meta property=\"og:description\" content=\"Opna\u00f0\u00a0ver\u00f0ur fyrir ums\u00f3knir Reykv\u00edkinga um matjurtagar\u00f0a \u00ed borginni\u00a0\u00e1 h\u00e1degi m\u00e1nudaginn\u00a016. mars. Um 600 matjurtagar\u00f0ar eru\u00a0leig\u00f0ir \u00fat \u00e1 vegum borgarinnar, \u00fear af eru t\u00e6plega 200 \u00ed Skammadal. Matjurtagar\u00f0arnir eru \u00ed bo\u00f0i \u00ed Vesturb\u00e6, Fossvogi, Me\u00f0alholti, Laugardal, \u00c1rb\u00e6, Grafarvogi og Kjalarnesi vi\u00f0 F\u00f3lkvang. Matjurtagar\u00f0arnir\u00a0ver\u00f0a opna\u00f0ir 1. ma\u00ed. S\u00f3tt er um \u00ed gegnum \u201eM\u00ednar s\u00ed\u00f0ur\u201c \u00e1 vef Reykjav\u00edkurborgar. [&hellip;]\" \/>\n<meta property=\"og:url\" content=\"https:\/\/eirikurjonsson.is\/index.php\/2026\/03\/12\/matjurtagardar-til-leigu\/\" \/>\n<meta property=\"og:site_name\" content=\"Eir\u00edkur J\u00f3nsson\" \/>\n<meta property=\"article:published_time\" content=\"2026-03-12T13:29:30+00:00\" \/>\n<meta property=\"og:image\" content=\"https:\/\/eirikurjonsson.is\/wp-content\/uploads\/2026\/03\/matjurtagardar_frett.jpg\" \/>\n\t<meta property=\"og:image:width\" content=\"1024\" \/>\n\t<meta property=\"og:image:height\" content=\"768\" \/>\n\t<meta property=\"og:image:type\" content=\"image\/jpeg\" \/>\n<meta name=\"author\" content=\"eir\" \/>\n<meta name=\"twitter:card\" content=\"summary_large_image\" \/>\n<meta name=\"twitter:label1\" content=\"Written by\" \/>\n\t<meta name=\"twitter:data1\" content=\"eir\" \/>\n\t<meta name=\"twitter:label2\" content=\"Est. reading time\" \/>\n\t<meta name=\"twitter:data2\" content=\"2 minutes\" \/>\n<script type=\"application\/ld+json\" class=\"yoast-schema-graph\">{\"@context\":\"https:\/\/schema.org\",\"@graph\":[{\"@type\":\"WebPage\",\"@id\":\"https:\/\/eirikurjonsson.is\/index.php\/2026\/03\/12\/matjurtagardar-til-leigu\/\",\"url\":\"https:\/\/eirikurjonsson.is\/index.php\/2026\/03\/12\/matjurtagardar-til-leigu\/\",\"name\":\"MATJURTAGAR\u00d0AR TIL LEIGU &#8211; Eir\u00edkur J\u00f3nsson\",\"isPartOf\":{\"@id\":\"https:\/\/eirikurjonsson.is\/#website\"},\"datePublished\":\"2026-03-12T13:29:30+00:00\",\"dateModified\":\"2026-03-12T13:29:30+00:00\",\"author\":{\"@id\":\"https:\/\/eirikurjonsson.is\/#\/schema\/person\/308afa1d0e201918034e31b1da4f07a5\"},\"breadcrumb\":{\"@id\":\"https:\/\/eirikurjonsson.is\/index.php\/2026\/03\/12\/matjurtagardar-til-leigu\/#breadcrumb\"},\"inLanguage\":\"is\",\"potentialAction\":[{\"@type\":\"ReadAction\",\"target\":[\"https:\/\/eirikurjonsson.is\/index.php\/2026\/03\/12\/matjurtagardar-til-leigu\/\"]}]},{\"@type\":\"BreadcrumbList\",\"@id\":\"https:\/\/eirikurjonsson.is\/index.php\/2026\/03\/12\/matjurtagardar-til-leigu\/#breadcrumb\",\"itemListElement\":[{\"@type\":\"ListItem\",\"position\":1,\"name\":\"Home\",\"item\":\"https:\/\/eirikurjonsson.is\/\"},{\"@type\":\"ListItem\",\"position\":2,\"name\":\"MATJURTAGAR\u00d0AR TIL LEIGU\"}]},{\"@type\":\"WebSite\",\"@id\":\"https:\/\/eirikurjonsson.is\/#website\",\"url\":\"https:\/\/eirikurjonsson.is\/\",\"name\":\"Eir\u00edkur J\u00f3nsson\",\"description\":\"Eir\u00edkur J\u00f3nsson | EIR eirikurjonsson.is\",\"potentialAction\":[{\"@type\":\"SearchAction\",\"target\":{\"@type\":\"EntryPoint\",\"urlTemplate\":\"https:\/\/eirikurjonsson.is\/?s={search_term_string}\"},\"query-input\":\"required name=search_term_string\"}],\"inLanguage\":\"is\"},{\"@type\":\"Person\",\"@id\":\"https:\/\/eirikurjonsson.is\/#\/schema\/person\/308afa1d0e201918034e31b1da4f07a5\",\"name\":\"eir\",\"image\":{\"@type\":\"ImageObject\",\"inLanguage\":\"is\",\"@id\":\"https:\/\/eirikurjonsson.is\/#\/schema\/person\/image\/\",\"url\":\"https:\/\/secure.gravatar.com\/avatar\/b6748316a4400053a1fa9f4694b38d294dc5da6f4bacc727742bd8f3e689f87c?s=96&d=mm&r=g\",\"contentUrl\":\"https:\/\/secure.gravatar.com\/avatar\/b6748316a4400053a1fa9f4694b38d294dc5da6f4bacc727742bd8f3e689f87c?s=96&d=mm&r=g\",\"caption\":\"eir\"},\"url\":\"https:\/\/eirikurjonsson.is\/index.php\/author\/eir\/\"}]}<\/script>\n<!-- \/ Yoast SEO plugin. -->","yoast_head_json":{"title":"MATJURTAGAR\u00d0AR TIL LEIGU &#8211; Eir\u00edkur J\u00f3nsson","robots":{"index":"index","follow":"follow","max-snippet":"max-snippet:-1","max-image-preview":"max-image-preview:large","max-video-preview":"max-video-preview:-1"},"canonical":"https:\/\/eirikurjonsson.is\/index.php\/2026\/03\/12\/matjurtagardar-til-leigu\/","og_locale":"is_IS","og_type":"article","og_title":"MATJURTAGAR\u00d0AR TIL LEIGU &#8211; Eir\u00edkur J\u00f3nsson","og_description":"Opna\u00f0\u00a0ver\u00f0ur fyrir ums\u00f3knir Reykv\u00edkinga um matjurtagar\u00f0a \u00ed borginni\u00a0\u00e1 h\u00e1degi m\u00e1nudaginn\u00a016. mars. Um 600 matjurtagar\u00f0ar eru\u00a0leig\u00f0ir \u00fat \u00e1 vegum borgarinnar, \u00fear af eru t\u00e6plega 200 \u00ed Skammadal. Matjurtagar\u00f0arnir eru \u00ed bo\u00f0i \u00ed Vesturb\u00e6, Fossvogi, Me\u00f0alholti, Laugardal, \u00c1rb\u00e6, Grafarvogi og Kjalarnesi vi\u00f0 F\u00f3lkvang. Matjurtagar\u00f0arnir\u00a0ver\u00f0a opna\u00f0ir 1. ma\u00ed. S\u00f3tt er um \u00ed gegnum \u201eM\u00ednar s\u00ed\u00f0ur\u201c \u00e1 vef Reykjav\u00edkurborgar. [&hellip;]","og_url":"https:\/\/eirikurjonsson.is\/index.php\/2026\/03\/12\/matjurtagardar-til-leigu\/","og_site_name":"Eir\u00edkur J\u00f3nsson","article_published_time":"2026-03-12T13:29:30+00:00","og_image":[{"width":1024,"height":768,"url":"https:\/\/eirikurjonsson.is\/wp-content\/uploads\/2026\/03\/matjurtagardar_frett.jpg","type":"image\/jpeg"}],"author":"eir","twitter_card":"summary_large_image","twitter_misc":{"Written by":"eir","Est. reading time":"2 minutes"},"schema":{"@context":"https:\/\/schema.org","@graph":[{"@type":"WebPage","@id":"https:\/\/eirikurjonsson.is\/index.php\/2026\/03\/12\/matjurtagardar-til-leigu\/","url":"https:\/\/eirikurjonsson.is\/index.php\/2026\/03\/12\/matjurtagardar-til-leigu\/","name":"MATJURTAGAR\u00d0AR TIL LEIGU &#8211; Eir\u00edkur J\u00f3nsson","isPartOf":{"@id":"https:\/\/eirikurjonsson.is\/#website"},"datePublished":"2026-03-12T13:29:30+00:00","dateModified":"2026-03-12T13:29:30+00:00","author":{"@id":"https:\/\/eirikurjonsson.is\/#\/schema\/person\/308afa1d0e201918034e31b1da4f07a5"},"breadcrumb":{"@id":"https:\/\/eirikurjonsson.is\/index.php\/2026\/03\/12\/matjurtagardar-til-leigu\/#breadcrumb"},"inLanguage":"is","potentialAction":[{"@type":"ReadAction","target":["https:\/\/eirikurjonsson.is\/index.php\/2026\/03\/12\/matjurtagardar-til-leigu\/"]}]},{"@type":"BreadcrumbList","@id":"https:\/\/eirikurjonsson.is\/index.php\/2026\/03\/12\/matjurtagardar-til-leigu\/#breadcrumb","itemListElement":[{"@type":"ListItem","position":1,"name":"Home","item":"https:\/\/eirikurjonsson.is\/"},{"@type":"ListItem","position":2,"name":"MATJURTAGAR\u00d0AR TIL LEIGU"}]},{"@type":"WebSite","@id":"https:\/\/eirikurjonsson.is\/#website","url":"https:\/\/eirikurjonsson.is\/","name":"Eir\u00edkur J\u00f3nsson","description":"Eir\u00edkur J\u00f3nsson | EIR eirikurjonsson.is","potentialAction":[{"@type":"SearchAction","target":{"@type":"EntryPoint","urlTemplate":"https:\/\/eirikurjonsson.is\/?s={search_term_string}"},"query-input":"required name=search_term_string"}],"inLanguage":"is"},{"@type":"Person","@id":"https:\/\/eirikurjonsson.is\/#\/schema\/person\/308afa1d0e201918034e31b1da4f07a5","name":"eir","image":{"@type":"ImageObject","inLanguage":"is","@id":"https:\/\/eirikurjonsson.is\/#\/schema\/person\/image\/","url":"https:\/\/secure.gravatar.com\/avatar\/b6748316a4400053a1fa9f4694b38d294dc5da6f4bacc727742bd8f3e689f87c?s=96&d=mm&r=g","contentUrl":"https:\/\/secure.gravatar.com\/avatar\/b6748316a4400053a1fa9f4694b38d294dc5da6f4bacc727742bd8f3e689f87c?s=96&d=mm&r=g","caption":"eir"},"url":"https:\/\/eirikurjonsson.is\/index.php\/author\/eir\/"}]}},"_links":{"self":[{"href":"https:\/\/eirikurjonsson.is\/index.php\/wp-json\/wp\/v2\/posts\/10841","targetHints":{"allow":["GET"]}}],"collection":[{"href":"https:\/\/eirikurjonsson.is\/index.php\/wp-json\/wp\/v2\/posts"}],"about":[{"href":"https:\/\/eirikurjonsson.is\/index.php\/wp-json\/wp\/v2\/types\/post"}],"author":[{"embeddable":true,"href":"https:\/\/eirikurjonsson.is\/index.php\/wp-json\/wp\/v2\/users\/2"}],"replies":[{"embeddable":true,"href":"https:\/\/eirikurjonsson.is\/index.php\/wp-json\/wp\/v2\/comments?post=10841"}],"version-history":[{"count":1,"href":"https:\/\/eirikurjonsson.is\/index.php\/wp-json\/wp\/v2\/posts\/10841\/revisions"}],"predecessor-version":[{"id":10843,"href":"https:\/\/eirikurjonsson.is\/index.php\/wp-json\/wp\/v2\/posts\/10841\/revisions\/10843"}],"wp:featuredmedia":[{"embeddable":true,"href":"https:\/\/eirikurjonsson.is\/index.php\/wp-json\/wp\/v2\/media\/10842"}],"wp:attachment":[{"href":"https:\/\/eirikurjonsson.is\/index.php\/wp-json\/wp\/v2\/media?parent=10841"}],"wp:term":[{"taxonomy":"category","embeddable":true,"href":"https:\/\/eirikurjonsson.is\/index.php\/wp-json\/wp\/v2\/categories?post=10841"},{"taxonomy":"post_tag","embeddable":true,"href":"https:\/\/eirikurjonsson.is\/index.php\/wp-json\/wp\/v2\/tags?post=10841"}],"curies":[{"name":"wp","href":"https:\/\/api.w.org\/{rel}","templated":true}]}}