{"id":10838,"date":"2026-03-12T13:19:22","date_gmt":"2026-03-12T13:19:22","guid":{"rendered":"https:\/\/eirikurjonsson.is\/?p=10838"},"modified":"2026-03-12T13:19:22","modified_gmt":"2026-03-12T13:19:22","slug":"nasisti-hrellir-svavar-knut","status":"publish","type":"post","link":"https:\/\/eirikurjonsson.is\/index.php\/2026\/03\/12\/nasisti-hrellir-svavar-knut\/","title":{"rendered":"NASISTI HRELLIR SVAVAR KN\u00daT"},"content":{"rendered":"<p>T\u00f3nlistarma\u00f0urinn Svavar Kn\u00fatur segir farir s\u00ednar ekki sl\u00e9ttar. \u00de\u00fdskur \u00f6fgama\u00f0ur reynir a\u00f0 hafa \u00e1hrif \u00e1 t\u00f3nleikahaldara sem tengjast v\u00e6ntanlegu t\u00f3nleikahaldi hans og hvetur \u00fe\u00e1 til a\u00f0 afl\u00fdsa t\u00f3nleikum Svavars Kn\u00fats vegna ford\u00e6mingar hans \u00e1 \u00fej\u00f3\u00f0armor\u00f0inu \u00e1 Gaza. Svavar Kn\u00fatur sendir skilabo\u00f0 s\u00edn \u00e1 ensku enda heimurinn undir:<\/p>\n<p style=\"text-align: center;\">&#8211;<\/p>\n<div class=\"html-div xexx8yu xyri2b x18d9i69 x1c1uobl x1gslohp x14z9mp x12nagc x1lziwak x1yc453h x126k92a x18lvrbx\" dir=\"auto\"><em>Alright, apparently, some weirdo in Germany is working really hard right now on getting venues to cancel concerts in my upcoming tour because I oppose the genocide in Gaza and war generally, sending \u201cconcerned emails\u201d to them and being basically obnoxious. Just goes to show, there\u2019s no target too small for islamophobe right wing cancel culture.<\/em><\/div>\n<div dir=\"auto\" style=\"text-align: center;\"><em>&#8211;<\/em><\/div>\n<div class=\"html-div xexx8yu xyri2b x18d9i69 x1c1uobl x1gslohp x14z9mp x12nagc x1lziwak x1yc453h x126k92a x18lvrbx\" dir=\"auto\"><em>Sadly, they guy is a fellow musician. Always pitiful when artists try to hurt other artists living. I have no doubt that one or two venues might buckle to such dishonest acts of cancel culture, it\u2019s just where we are right now. But I have 100% faith that my community knows me and understands my character and what I stand for and most venues will dismiss this ridiculous bullshit. Also, I never get political on stage. That\u2019s not the purpose of my concerts. But if I truly get cancelled, there\u2019s always the fishing boats I really don\u2019t mind.<\/em><\/div>\n<div dir=\"auto\" style=\"text-align: center;\"><em>&#8211;<\/em><\/div>\n<div class=\"html-div xexx8yu xyri2b x18d9i69 x1c1uobl x1gslohp x14z9mp x12nagc x1lziwak x1yc453h x126k92a x18lvrbx\" dir=\"auto\"><em>More money, less worries. I actually think my family would appreciate it, to be honest. But in the meantime, fuck Nazis, whatever new form they take.<\/em><\/div>\n","protected":false},"excerpt":{"rendered":"<p>T\u00f3nlistarma\u00f0urinn Svavar Kn\u00fatur segir farir s\u00ednar ekki sl\u00e9ttar. \u00de\u00fdskur \u00f6fgama\u00f0ur reynir a\u00f0 hafa \u00e1hrif \u00e1 t\u00f3nleikahaldara sem tengjast v\u00e6ntanlegu t\u00f3nleikahaldi hans og hvetur \u00fe\u00e1 til a\u00f0 afl\u00fdsa t\u00f3nleikum Svavars Kn\u00fats vegna ford\u00e6mingar hans \u00e1 \u00fej\u00f3\u00f0armor\u00f0inu \u00e1 Gaza. Svavar Kn\u00fatur sendir skilabo\u00f0 s\u00edn \u00e1 ensku enda heimurinn undir: &#8211; Alright, apparently, some weirdo in Germany is [&hellip;]<\/p>\n","protected":false},"author":2,"featured_media":10837,"comment_status":"open","ping_status":"open","sticky":false,"template":"","format":"standard","meta":{"_monsterinsights_skip_tracking":false,"_monsterinsights_sitenote_active":false,"_monsterinsights_sitenote_note":"","_monsterinsights_sitenote_category":0,"footnotes":""},"categories":[31],"tags":[],"class_list":{"0":"post-10838","1":"post","2":"type-post","3":"status-publish","4":"format-standard","5":"has-post-thumbnail","7":"category-greinar"},"yoast_head":"<!-- This site is optimized with the Yoast SEO plugin v22.0 - https:\/\/yoast.com\/wordpress\/plugins\/seo\/ -->\n<title>NASISTI HRELLIR SVAVAR KN\u00daT &#8211; Eir\u00edkur J\u00f3nsson<\/title>\n<meta name=\"robots\" content=\"index, follow, max-snippet:-1, max-image-preview:large, max-video-preview:-1\" \/>\n<link rel=\"canonical\" href=\"https:\/\/eirikurjonsson.is\/index.php\/2026\/03\/12\/nasisti-hrellir-svavar-knut\/\" \/>\n<meta property=\"og:locale\" content=\"is_IS\" \/>\n<meta property=\"og:type\" content=\"article\" \/>\n<meta property=\"og:title\" content=\"NASISTI HRELLIR SVAVAR KN\u00daT &#8211; Eir\u00edkur J\u00f3nsson\" \/>\n<meta property=\"og:description\" content=\"T\u00f3nlistarma\u00f0urinn Svavar Kn\u00fatur segir farir s\u00ednar ekki sl\u00e9ttar. \u00de\u00fdskur \u00f6fgama\u00f0ur reynir a\u00f0 hafa \u00e1hrif \u00e1 t\u00f3nleikahaldara sem tengjast v\u00e6ntanlegu t\u00f3nleikahaldi hans og hvetur \u00fe\u00e1 til a\u00f0 afl\u00fdsa t\u00f3nleikum Svavars Kn\u00fats vegna ford\u00e6mingar hans \u00e1 \u00fej\u00f3\u00f0armor\u00f0inu \u00e1 Gaza. Svavar Kn\u00fatur sendir skilabo\u00f0 s\u00edn \u00e1 ensku enda heimurinn undir: &#8211; Alright, apparently, some weirdo in Germany is [&hellip;]\" \/>\n<meta property=\"og:url\" content=\"https:\/\/eirikurjonsson.is\/index.php\/2026\/03\/12\/nasisti-hrellir-svavar-knut\/\" \/>\n<meta property=\"og:site_name\" content=\"Eir\u00edkur J\u00f3nsson\" \/>\n<meta property=\"article:published_time\" content=\"2026-03-12T13:19:22+00:00\" \/>\n<meta property=\"og:image\" content=\"https:\/\/eirikurjonsson.is\/wp-content\/uploads\/2026\/03\/svavar-knut.jpg\" \/>\n\t<meta property=\"og:image:width\" content=\"960\" \/>\n\t<meta property=\"og:image:height\" content=\"822\" \/>\n\t<meta property=\"og:image:type\" content=\"image\/jpeg\" \/>\n<meta name=\"author\" content=\"eir\" \/>\n<meta name=\"twitter:card\" content=\"summary_large_image\" \/>\n<meta name=\"twitter:label1\" content=\"Written by\" \/>\n\t<meta name=\"twitter:data1\" content=\"eir\" \/>\n\t<meta name=\"twitter:label2\" content=\"Est. reading time\" \/>\n\t<meta name=\"twitter:data2\" content=\"2 minutes\" \/>\n<script type=\"application\/ld+json\" class=\"yoast-schema-graph\">{\"@context\":\"https:\/\/schema.org\",\"@graph\":[{\"@type\":\"WebPage\",\"@id\":\"https:\/\/eirikurjonsson.is\/index.php\/2026\/03\/12\/nasisti-hrellir-svavar-knut\/\",\"url\":\"https:\/\/eirikurjonsson.is\/index.php\/2026\/03\/12\/nasisti-hrellir-svavar-knut\/\",\"name\":\"NASISTI HRELLIR SVAVAR KN\u00daT &#8211; Eir\u00edkur J\u00f3nsson\",\"isPartOf\":{\"@id\":\"https:\/\/eirikurjonsson.is\/#website\"},\"datePublished\":\"2026-03-12T13:19:22+00:00\",\"dateModified\":\"2026-03-12T13:19:22+00:00\",\"author\":{\"@id\":\"https:\/\/eirikurjonsson.is\/#\/schema\/person\/308afa1d0e201918034e31b1da4f07a5\"},\"breadcrumb\":{\"@id\":\"https:\/\/eirikurjonsson.is\/index.php\/2026\/03\/12\/nasisti-hrellir-svavar-knut\/#breadcrumb\"},\"inLanguage\":\"is\",\"potentialAction\":[{\"@type\":\"ReadAction\",\"target\":[\"https:\/\/eirikurjonsson.is\/index.php\/2026\/03\/12\/nasisti-hrellir-svavar-knut\/\"]}]},{\"@type\":\"BreadcrumbList\",\"@id\":\"https:\/\/eirikurjonsson.is\/index.php\/2026\/03\/12\/nasisti-hrellir-svavar-knut\/#breadcrumb\",\"itemListElement\":[{\"@type\":\"ListItem\",\"position\":1,\"name\":\"Home\",\"item\":\"https:\/\/eirikurjonsson.is\/\"},{\"@type\":\"ListItem\",\"position\":2,\"name\":\"NASISTI HRELLIR SVAVAR KN\u00daT\"}]},{\"@type\":\"WebSite\",\"@id\":\"https:\/\/eirikurjonsson.is\/#website\",\"url\":\"https:\/\/eirikurjonsson.is\/\",\"name\":\"Eir\u00edkur J\u00f3nsson\",\"description\":\"Eir\u00edkur J\u00f3nsson | EIR eirikurjonsson.is\",\"potentialAction\":[{\"@type\":\"SearchAction\",\"target\":{\"@type\":\"EntryPoint\",\"urlTemplate\":\"https:\/\/eirikurjonsson.is\/?s={search_term_string}\"},\"query-input\":\"required name=search_term_string\"}],\"inLanguage\":\"is\"},{\"@type\":\"Person\",\"@id\":\"https:\/\/eirikurjonsson.is\/#\/schema\/person\/308afa1d0e201918034e31b1da4f07a5\",\"name\":\"eir\",\"image\":{\"@type\":\"ImageObject\",\"inLanguage\":\"is\",\"@id\":\"https:\/\/eirikurjonsson.is\/#\/schema\/person\/image\/\",\"url\":\"https:\/\/secure.gravatar.com\/avatar\/b6748316a4400053a1fa9f4694b38d294dc5da6f4bacc727742bd8f3e689f87c?s=96&d=mm&r=g\",\"contentUrl\":\"https:\/\/secure.gravatar.com\/avatar\/b6748316a4400053a1fa9f4694b38d294dc5da6f4bacc727742bd8f3e689f87c?s=96&d=mm&r=g\",\"caption\":\"eir\"},\"url\":\"https:\/\/eirikurjonsson.is\/index.php\/author\/eir\/\"}]}<\/script>\n<!-- \/ Yoast SEO plugin. -->","yoast_head_json":{"title":"NASISTI HRELLIR SVAVAR KN\u00daT &#8211; Eir\u00edkur J\u00f3nsson","robots":{"index":"index","follow":"follow","max-snippet":"max-snippet:-1","max-image-preview":"max-image-preview:large","max-video-preview":"max-video-preview:-1"},"canonical":"https:\/\/eirikurjonsson.is\/index.php\/2026\/03\/12\/nasisti-hrellir-svavar-knut\/","og_locale":"is_IS","og_type":"article","og_title":"NASISTI HRELLIR SVAVAR KN\u00daT &#8211; Eir\u00edkur J\u00f3nsson","og_description":"T\u00f3nlistarma\u00f0urinn Svavar Kn\u00fatur segir farir s\u00ednar ekki sl\u00e9ttar. \u00de\u00fdskur \u00f6fgama\u00f0ur reynir a\u00f0 hafa \u00e1hrif \u00e1 t\u00f3nleikahaldara sem tengjast v\u00e6ntanlegu t\u00f3nleikahaldi hans og hvetur \u00fe\u00e1 til a\u00f0 afl\u00fdsa t\u00f3nleikum Svavars Kn\u00fats vegna ford\u00e6mingar hans \u00e1 \u00fej\u00f3\u00f0armor\u00f0inu \u00e1 Gaza. Svavar Kn\u00fatur sendir skilabo\u00f0 s\u00edn \u00e1 ensku enda heimurinn undir: &#8211; Alright, apparently, some weirdo in Germany is [&hellip;]","og_url":"https:\/\/eirikurjonsson.is\/index.php\/2026\/03\/12\/nasisti-hrellir-svavar-knut\/","og_site_name":"Eir\u00edkur J\u00f3nsson","article_published_time":"2026-03-12T13:19:22+00:00","og_image":[{"width":960,"height":822,"url":"https:\/\/eirikurjonsson.is\/wp-content\/uploads\/2026\/03\/svavar-knut.jpg","type":"image\/jpeg"}],"author":"eir","twitter_card":"summary_large_image","twitter_misc":{"Written by":"eir","Est. reading time":"2 minutes"},"schema":{"@context":"https:\/\/schema.org","@graph":[{"@type":"WebPage","@id":"https:\/\/eirikurjonsson.is\/index.php\/2026\/03\/12\/nasisti-hrellir-svavar-knut\/","url":"https:\/\/eirikurjonsson.is\/index.php\/2026\/03\/12\/nasisti-hrellir-svavar-knut\/","name":"NASISTI HRELLIR SVAVAR KN\u00daT &#8211; Eir\u00edkur J\u00f3nsson","isPartOf":{"@id":"https:\/\/eirikurjonsson.is\/#website"},"datePublished":"2026-03-12T13:19:22+00:00","dateModified":"2026-03-12T13:19:22+00:00","author":{"@id":"https:\/\/eirikurjonsson.is\/#\/schema\/person\/308afa1d0e201918034e31b1da4f07a5"},"breadcrumb":{"@id":"https:\/\/eirikurjonsson.is\/index.php\/2026\/03\/12\/nasisti-hrellir-svavar-knut\/#breadcrumb"},"inLanguage":"is","potentialAction":[{"@type":"ReadAction","target":["https:\/\/eirikurjonsson.is\/index.php\/2026\/03\/12\/nasisti-hrellir-svavar-knut\/"]}]},{"@type":"BreadcrumbList","@id":"https:\/\/eirikurjonsson.is\/index.php\/2026\/03\/12\/nasisti-hrellir-svavar-knut\/#breadcrumb","itemListElement":[{"@type":"ListItem","position":1,"name":"Home","item":"https:\/\/eirikurjonsson.is\/"},{"@type":"ListItem","position":2,"name":"NASISTI HRELLIR SVAVAR KN\u00daT"}]},{"@type":"WebSite","@id":"https:\/\/eirikurjonsson.is\/#website","url":"https:\/\/eirikurjonsson.is\/","name":"Eir\u00edkur J\u00f3nsson","description":"Eir\u00edkur J\u00f3nsson | EIR eirikurjonsson.is","potentialAction":[{"@type":"SearchAction","target":{"@type":"EntryPoint","urlTemplate":"https:\/\/eirikurjonsson.is\/?s={search_term_string}"},"query-input":"required name=search_term_string"}],"inLanguage":"is"},{"@type":"Person","@id":"https:\/\/eirikurjonsson.is\/#\/schema\/person\/308afa1d0e201918034e31b1da4f07a5","name":"eir","image":{"@type":"ImageObject","inLanguage":"is","@id":"https:\/\/eirikurjonsson.is\/#\/schema\/person\/image\/","url":"https:\/\/secure.gravatar.com\/avatar\/b6748316a4400053a1fa9f4694b38d294dc5da6f4bacc727742bd8f3e689f87c?s=96&d=mm&r=g","contentUrl":"https:\/\/secure.gravatar.com\/avatar\/b6748316a4400053a1fa9f4694b38d294dc5da6f4bacc727742bd8f3e689f87c?s=96&d=mm&r=g","caption":"eir"},"url":"https:\/\/eirikurjonsson.is\/index.php\/author\/eir\/"}]}},"_links":{"self":[{"href":"https:\/\/eirikurjonsson.is\/index.php\/wp-json\/wp\/v2\/posts\/10838","targetHints":{"allow":["GET"]}}],"collection":[{"href":"https:\/\/eirikurjonsson.is\/index.php\/wp-json\/wp\/v2\/posts"}],"about":[{"href":"https:\/\/eirikurjonsson.is\/index.php\/wp-json\/wp\/v2\/types\/post"}],"author":[{"embeddable":true,"href":"https:\/\/eirikurjonsson.is\/index.php\/wp-json\/wp\/v2\/users\/2"}],"replies":[{"embeddable":true,"href":"https:\/\/eirikurjonsson.is\/index.php\/wp-json\/wp\/v2\/comments?post=10838"}],"version-history":[{"count":1,"href":"https:\/\/eirikurjonsson.is\/index.php\/wp-json\/wp\/v2\/posts\/10838\/revisions"}],"predecessor-version":[{"id":10839,"href":"https:\/\/eirikurjonsson.is\/index.php\/wp-json\/wp\/v2\/posts\/10838\/revisions\/10839"}],"wp:featuredmedia":[{"embeddable":true,"href":"https:\/\/eirikurjonsson.is\/index.php\/wp-json\/wp\/v2\/media\/10837"}],"wp:attachment":[{"href":"https:\/\/eirikurjonsson.is\/index.php\/wp-json\/wp\/v2\/media?parent=10838"}],"wp:term":[{"taxonomy":"category","embeddable":true,"href":"https:\/\/eirikurjonsson.is\/index.php\/wp-json\/wp\/v2\/categories?post=10838"},{"taxonomy":"post_tag","embeddable":true,"href":"https:\/\/eirikurjonsson.is\/index.php\/wp-json\/wp\/v2\/tags?post=10838"}],"curies":[{"name":"wp","href":"https:\/\/api.w.org\/{rel}","templated":true}]}}