{"id":10195,"date":"2026-01-19T13:16:14","date_gmt":"2026-01-19T13:16:14","guid":{"rendered":"https:\/\/eirikurjonsson.is\/?p=10195"},"modified":"2026-01-19T13:16:14","modified_gmt":"2026-01-19T13:16:14","slug":"fyrrum-thingkonu-misbodid-i-bilakjallara","status":"publish","type":"post","link":"https:\/\/eirikurjonsson.is\/index.php\/2026\/01\/19\/fyrrum-thingkonu-misbodid-i-bilakjallara\/","title":{"rendered":"FYRRUM \u00deINGKONU MISBO\u00d0I\u00d0 \u00cd B\u00cdLAKJALLARA"},"content":{"rendered":"<div class=\"xdj266r x14z9mp xat24cr x1lziwak x1vvkbs x126k92a\">\n<div dir=\"auto\">Halld\u00f3ra Mogensen fyrrum \u00feingkona og \u00feingflokksforma\u00f0ur P\u00edrata\u00a0 lag\u00f0i b\u00edlnum s\u00ednum \u00ed b\u00edlakjallara Gr\u00f3sku um daginn \u00ed tv\u00e6r klukkustundir en var svo rukku\u00f0 um \u00ferj\u00e1r. \u00de\u00e1 sendi h\u00fan t\u00f6lvup\u00f3st til rekstrara\u00f0ila til a\u00f0 f\u00e1 \u00fatsk\u00fdringar og f\u00e9kk \u00feetta svar:<\/div>\n<div dir=\"auto\">&#8211;<\/div>\n<\/div>\n<div class=\"x14z9mp xat24cr x1lziwak x1vvkbs xtlvy1s x126k92a\">\n<div dir=\"auto\">&#8222;Lagning \u00fe\u00edn st\u00f3\u00f0 yfir \u00ed 2:05 og innheimt er fyrir hverja byrja\u00f0a klukkustund.&#8220;<\/div>\n<div dir=\"auto\">&#8211;<\/div>\n<\/div>\n<div class=\"x14z9mp xat24cr x1lziwak x1vvkbs xtlvy1s x126k92a\">\n<div dir=\"auto\">&#8222;Er \u00e9g ein um a\u00f0 finnast \u00feetta gr\u00f3ft? Mega einkaa\u00f0ilar bara haga \u00feessum m\u00e1lum eins og \u00feeim s\u00fdnist? Eru engar reglur til sta\u00f0ar sem tryggja vernd neytenda?&#8220; spyr Halld\u00f3ra &#8211; eins og hr\u00f3pandinn \u00ed ey\u00f0im\u00f6rkinni.<\/div>\n<\/div>\n","protected":false},"excerpt":{"rendered":"<p>Halld\u00f3ra Mogensen fyrrum \u00feingkona og \u00feingflokksforma\u00f0ur P\u00edrata\u00a0 lag\u00f0i b\u00edlnum s\u00ednum \u00ed b\u00edlakjallara Gr\u00f3sku um daginn \u00ed tv\u00e6r klukkustundir en var svo rukku\u00f0 um \u00ferj\u00e1r. \u00de\u00e1 sendi h\u00fan t\u00f6lvup\u00f3st til rekstrara\u00f0ila til a\u00f0 f\u00e1 \u00fatsk\u00fdringar og f\u00e9kk \u00feetta svar: &#8211; &#8222;Lagning \u00fe\u00edn st\u00f3\u00f0 yfir \u00ed 2:05 og innheimt er fyrir hverja byrja\u00f0a klukkustund.&#8220; &#8211; &#8222;Er \u00e9g [&hellip;]<\/p>\n","protected":false},"author":2,"featured_media":10196,"comment_status":"open","ping_status":"open","sticky":false,"template":"","format":"standard","meta":{"_monsterinsights_skip_tracking":false,"_monsterinsights_sitenote_active":false,"_monsterinsights_sitenote_note":"","_monsterinsights_sitenote_category":0,"footnotes":""},"categories":[31],"tags":[],"class_list":{"0":"post-10195","1":"post","2":"type-post","3":"status-publish","4":"format-standard","5":"has-post-thumbnail","7":"category-greinar"},"yoast_head":"<!-- This site is optimized with the Yoast SEO plugin v22.0 - https:\/\/yoast.com\/wordpress\/plugins\/seo\/ -->\n<title>FYRRUM \u00deINGKONU MISBO\u00d0I\u00d0 \u00cd B\u00cdLAKJALLARA &#8211; Eir\u00edkur J\u00f3nsson<\/title>\n<meta name=\"robots\" content=\"index, follow, max-snippet:-1, max-image-preview:large, max-video-preview:-1\" \/>\n<link rel=\"canonical\" href=\"https:\/\/eirikurjonsson.is\/index.php\/2026\/01\/19\/fyrrum-thingkonu-misbodid-i-bilakjallara\/\" \/>\n<meta property=\"og:locale\" content=\"is_IS\" \/>\n<meta property=\"og:type\" content=\"article\" \/>\n<meta property=\"og:title\" content=\"FYRRUM \u00deINGKONU MISBO\u00d0I\u00d0 \u00cd B\u00cdLAKJALLARA &#8211; Eir\u00edkur J\u00f3nsson\" \/>\n<meta property=\"og:description\" content=\"Halld\u00f3ra Mogensen fyrrum \u00feingkona og \u00feingflokksforma\u00f0ur P\u00edrata\u00a0 lag\u00f0i b\u00edlnum s\u00ednum \u00ed b\u00edlakjallara Gr\u00f3sku um daginn \u00ed tv\u00e6r klukkustundir en var svo rukku\u00f0 um \u00ferj\u00e1r. \u00de\u00e1 sendi h\u00fan t\u00f6lvup\u00f3st til rekstrara\u00f0ila til a\u00f0 f\u00e1 \u00fatsk\u00fdringar og f\u00e9kk \u00feetta svar: &#8211; &#8222;Lagning \u00fe\u00edn st\u00f3\u00f0 yfir \u00ed 2:05 og innheimt er fyrir hverja byrja\u00f0a klukkustund.&#8220; &#8211; &#8222;Er \u00e9g [&hellip;]\" \/>\n<meta property=\"og:url\" content=\"https:\/\/eirikurjonsson.is\/index.php\/2026\/01\/19\/fyrrum-thingkonu-misbodid-i-bilakjallara\/\" \/>\n<meta property=\"og:site_name\" content=\"Eir\u00edkur J\u00f3nsson\" \/>\n<meta property=\"article:published_time\" content=\"2026-01-19T13:16:14+00:00\" \/>\n<meta property=\"og:image\" content=\"https:\/\/eirikurjonsson.is\/wp-content\/uploads\/2026\/01\/BILAKJALLARI.jpg\" \/>\n\t<meta property=\"og:image:width\" content=\"747\" \/>\n\t<meta property=\"og:image:height\" content=\"485\" \/>\n\t<meta property=\"og:image:type\" content=\"image\/jpeg\" \/>\n<meta name=\"author\" content=\"eir\" \/>\n<meta name=\"twitter:card\" content=\"summary_large_image\" \/>\n<meta name=\"twitter:label1\" content=\"Written by\" \/>\n\t<meta name=\"twitter:data1\" content=\"eir\" \/>\n\t<meta name=\"twitter:label2\" content=\"Est. reading time\" \/>\n\t<meta name=\"twitter:data2\" content=\"1 minute\" \/>\n<script type=\"application\/ld+json\" class=\"yoast-schema-graph\">{\"@context\":\"https:\/\/schema.org\",\"@graph\":[{\"@type\":\"WebPage\",\"@id\":\"https:\/\/eirikurjonsson.is\/index.php\/2026\/01\/19\/fyrrum-thingkonu-misbodid-i-bilakjallara\/\",\"url\":\"https:\/\/eirikurjonsson.is\/index.php\/2026\/01\/19\/fyrrum-thingkonu-misbodid-i-bilakjallara\/\",\"name\":\"FYRRUM \u00deINGKONU MISBO\u00d0I\u00d0 \u00cd B\u00cdLAKJALLARA &#8211; Eir\u00edkur J\u00f3nsson\",\"isPartOf\":{\"@id\":\"https:\/\/eirikurjonsson.is\/#website\"},\"datePublished\":\"2026-01-19T13:16:14+00:00\",\"dateModified\":\"2026-01-19T13:16:14+00:00\",\"author\":{\"@id\":\"https:\/\/eirikurjonsson.is\/#\/schema\/person\/308afa1d0e201918034e31b1da4f07a5\"},\"breadcrumb\":{\"@id\":\"https:\/\/eirikurjonsson.is\/index.php\/2026\/01\/19\/fyrrum-thingkonu-misbodid-i-bilakjallara\/#breadcrumb\"},\"inLanguage\":\"is\",\"potentialAction\":[{\"@type\":\"ReadAction\",\"target\":[\"https:\/\/eirikurjonsson.is\/index.php\/2026\/01\/19\/fyrrum-thingkonu-misbodid-i-bilakjallara\/\"]}]},{\"@type\":\"BreadcrumbList\",\"@id\":\"https:\/\/eirikurjonsson.is\/index.php\/2026\/01\/19\/fyrrum-thingkonu-misbodid-i-bilakjallara\/#breadcrumb\",\"itemListElement\":[{\"@type\":\"ListItem\",\"position\":1,\"name\":\"Home\",\"item\":\"https:\/\/eirikurjonsson.is\/\"},{\"@type\":\"ListItem\",\"position\":2,\"name\":\"FYRRUM \u00deINGKONU MISBO\u00d0I\u00d0 \u00cd B\u00cdLAKJALLARA\"}]},{\"@type\":\"WebSite\",\"@id\":\"https:\/\/eirikurjonsson.is\/#website\",\"url\":\"https:\/\/eirikurjonsson.is\/\",\"name\":\"Eir\u00edkur J\u00f3nsson\",\"description\":\"Eir\u00edkur J\u00f3nsson | EIR eirikurjonsson.is\",\"potentialAction\":[{\"@type\":\"SearchAction\",\"target\":{\"@type\":\"EntryPoint\",\"urlTemplate\":\"https:\/\/eirikurjonsson.is\/?s={search_term_string}\"},\"query-input\":\"required name=search_term_string\"}],\"inLanguage\":\"is\"},{\"@type\":\"Person\",\"@id\":\"https:\/\/eirikurjonsson.is\/#\/schema\/person\/308afa1d0e201918034e31b1da4f07a5\",\"name\":\"eir\",\"image\":{\"@type\":\"ImageObject\",\"inLanguage\":\"is\",\"@id\":\"https:\/\/eirikurjonsson.is\/#\/schema\/person\/image\/\",\"url\":\"https:\/\/secure.gravatar.com\/avatar\/b6748316a4400053a1fa9f4694b38d294dc5da6f4bacc727742bd8f3e689f87c?s=96&d=mm&r=g\",\"contentUrl\":\"https:\/\/secure.gravatar.com\/avatar\/b6748316a4400053a1fa9f4694b38d294dc5da6f4bacc727742bd8f3e689f87c?s=96&d=mm&r=g\",\"caption\":\"eir\"},\"url\":\"https:\/\/eirikurjonsson.is\/index.php\/author\/eir\/\"}]}<\/script>\n<!-- \/ Yoast SEO plugin. -->","yoast_head_json":{"title":"FYRRUM \u00deINGKONU MISBO\u00d0I\u00d0 \u00cd B\u00cdLAKJALLARA &#8211; Eir\u00edkur J\u00f3nsson","robots":{"index":"index","follow":"follow","max-snippet":"max-snippet:-1","max-image-preview":"max-image-preview:large","max-video-preview":"max-video-preview:-1"},"canonical":"https:\/\/eirikurjonsson.is\/index.php\/2026\/01\/19\/fyrrum-thingkonu-misbodid-i-bilakjallara\/","og_locale":"is_IS","og_type":"article","og_title":"FYRRUM \u00deINGKONU MISBO\u00d0I\u00d0 \u00cd B\u00cdLAKJALLARA &#8211; Eir\u00edkur J\u00f3nsson","og_description":"Halld\u00f3ra Mogensen fyrrum \u00feingkona og \u00feingflokksforma\u00f0ur P\u00edrata\u00a0 lag\u00f0i b\u00edlnum s\u00ednum \u00ed b\u00edlakjallara Gr\u00f3sku um daginn \u00ed tv\u00e6r klukkustundir en var svo rukku\u00f0 um \u00ferj\u00e1r. \u00de\u00e1 sendi h\u00fan t\u00f6lvup\u00f3st til rekstrara\u00f0ila til a\u00f0 f\u00e1 \u00fatsk\u00fdringar og f\u00e9kk \u00feetta svar: &#8211; &#8222;Lagning \u00fe\u00edn st\u00f3\u00f0 yfir \u00ed 2:05 og innheimt er fyrir hverja byrja\u00f0a klukkustund.&#8220; &#8211; &#8222;Er \u00e9g [&hellip;]","og_url":"https:\/\/eirikurjonsson.is\/index.php\/2026\/01\/19\/fyrrum-thingkonu-misbodid-i-bilakjallara\/","og_site_name":"Eir\u00edkur J\u00f3nsson","article_published_time":"2026-01-19T13:16:14+00:00","og_image":[{"width":747,"height":485,"url":"https:\/\/eirikurjonsson.is\/wp-content\/uploads\/2026\/01\/BILAKJALLARI.jpg","type":"image\/jpeg"}],"author":"eir","twitter_card":"summary_large_image","twitter_misc":{"Written by":"eir","Est. reading time":"1 minute"},"schema":{"@context":"https:\/\/schema.org","@graph":[{"@type":"WebPage","@id":"https:\/\/eirikurjonsson.is\/index.php\/2026\/01\/19\/fyrrum-thingkonu-misbodid-i-bilakjallara\/","url":"https:\/\/eirikurjonsson.is\/index.php\/2026\/01\/19\/fyrrum-thingkonu-misbodid-i-bilakjallara\/","name":"FYRRUM \u00deINGKONU MISBO\u00d0I\u00d0 \u00cd B\u00cdLAKJALLARA &#8211; Eir\u00edkur J\u00f3nsson","isPartOf":{"@id":"https:\/\/eirikurjonsson.is\/#website"},"datePublished":"2026-01-19T13:16:14+00:00","dateModified":"2026-01-19T13:16:14+00:00","author":{"@id":"https:\/\/eirikurjonsson.is\/#\/schema\/person\/308afa1d0e201918034e31b1da4f07a5"},"breadcrumb":{"@id":"https:\/\/eirikurjonsson.is\/index.php\/2026\/01\/19\/fyrrum-thingkonu-misbodid-i-bilakjallara\/#breadcrumb"},"inLanguage":"is","potentialAction":[{"@type":"ReadAction","target":["https:\/\/eirikurjonsson.is\/index.php\/2026\/01\/19\/fyrrum-thingkonu-misbodid-i-bilakjallara\/"]}]},{"@type":"BreadcrumbList","@id":"https:\/\/eirikurjonsson.is\/index.php\/2026\/01\/19\/fyrrum-thingkonu-misbodid-i-bilakjallara\/#breadcrumb","itemListElement":[{"@type":"ListItem","position":1,"name":"Home","item":"https:\/\/eirikurjonsson.is\/"},{"@type":"ListItem","position":2,"name":"FYRRUM \u00deINGKONU MISBO\u00d0I\u00d0 \u00cd B\u00cdLAKJALLARA"}]},{"@type":"WebSite","@id":"https:\/\/eirikurjonsson.is\/#website","url":"https:\/\/eirikurjonsson.is\/","name":"Eir\u00edkur J\u00f3nsson","description":"Eir\u00edkur J\u00f3nsson | EIR eirikurjonsson.is","potentialAction":[{"@type":"SearchAction","target":{"@type":"EntryPoint","urlTemplate":"https:\/\/eirikurjonsson.is\/?s={search_term_string}"},"query-input":"required name=search_term_string"}],"inLanguage":"is"},{"@type":"Person","@id":"https:\/\/eirikurjonsson.is\/#\/schema\/person\/308afa1d0e201918034e31b1da4f07a5","name":"eir","image":{"@type":"ImageObject","inLanguage":"is","@id":"https:\/\/eirikurjonsson.is\/#\/schema\/person\/image\/","url":"https:\/\/secure.gravatar.com\/avatar\/b6748316a4400053a1fa9f4694b38d294dc5da6f4bacc727742bd8f3e689f87c?s=96&d=mm&r=g","contentUrl":"https:\/\/secure.gravatar.com\/avatar\/b6748316a4400053a1fa9f4694b38d294dc5da6f4bacc727742bd8f3e689f87c?s=96&d=mm&r=g","caption":"eir"},"url":"https:\/\/eirikurjonsson.is\/index.php\/author\/eir\/"}]}},"_links":{"self":[{"href":"https:\/\/eirikurjonsson.is\/index.php\/wp-json\/wp\/v2\/posts\/10195","targetHints":{"allow":["GET"]}}],"collection":[{"href":"https:\/\/eirikurjonsson.is\/index.php\/wp-json\/wp\/v2\/posts"}],"about":[{"href":"https:\/\/eirikurjonsson.is\/index.php\/wp-json\/wp\/v2\/types\/post"}],"author":[{"embeddable":true,"href":"https:\/\/eirikurjonsson.is\/index.php\/wp-json\/wp\/v2\/users\/2"}],"replies":[{"embeddable":true,"href":"https:\/\/eirikurjonsson.is\/index.php\/wp-json\/wp\/v2\/comments?post=10195"}],"version-history":[{"count":1,"href":"https:\/\/eirikurjonsson.is\/index.php\/wp-json\/wp\/v2\/posts\/10195\/revisions"}],"predecessor-version":[{"id":10197,"href":"https:\/\/eirikurjonsson.is\/index.php\/wp-json\/wp\/v2\/posts\/10195\/revisions\/10197"}],"wp:featuredmedia":[{"embeddable":true,"href":"https:\/\/eirikurjonsson.is\/index.php\/wp-json\/wp\/v2\/media\/10196"}],"wp:attachment":[{"href":"https:\/\/eirikurjonsson.is\/index.php\/wp-json\/wp\/v2\/media?parent=10195"}],"wp:term":[{"taxonomy":"category","embeddable":true,"href":"https:\/\/eirikurjonsson.is\/index.php\/wp-json\/wp\/v2\/categories?post=10195"},{"taxonomy":"post_tag","embeddable":true,"href":"https:\/\/eirikurjonsson.is\/index.php\/wp-json\/wp\/v2\/tags?post=10195"}],"curies":[{"name":"wp","href":"https:\/\/api.w.org\/{rel}","templated":true}]}}